{"id":4007,"date":"2026-09-03T09:10:16","date_gmt":"2026-09-03T12:10:16","guid":{"rendered":"https:\/\/sincomercioata.com.br\/?p=4007"},"modified":"2026-09-03T09:11:57","modified_gmt":"2026-09-03T12:11:57","slug":"simples-nacional-2027-novos-prazos-e-procedimentos-para-opcao","status":"publish","type":"post","link":"https:\/\/sincomercioata.com.br\/index.php\/2026\/09\/03\/simples-nacional-2027-novos-prazos-e-procedimentos-para-opcao\/","title":{"rendered":"Simples Nacional 2027: novos prazos e procedimentos para op\u00e7\u00e3o"},"content":{"rendered":"\t\t<div data-elementor-type=\"wp-post\" data-elementor-id=\"4007\" class=\"elementor elementor-4007\" data-elementor-settings=\"[]\">\n\t\t\t\t\t\t<div class=\"elementor-inner\">\n\t\t\t\t\t\t\t<div class=\"elementor-section-wrap\">\n\t\t\t\t\t\t\t<section class=\"elementor-section elementor-top-section elementor-element elementor-element-fcbdfac elementor-section-boxed elementor-section-height-default elementor-section-height-default\" data-id=\"fcbdfac\" data-element_type=\"section\">\n\t\t\t\t\t\t<div class=\"elementor-container elementor-column-gap-default\">\n\t\t\t\t\t\t\t<div class=\"elementor-row\">\n\t\t\t\t\t<div class=\"elementor-column elementor-col-100 elementor-top-column elementor-element elementor-element-1255221\" data-id=\"1255221\" data-element_type=\"column\">\n\t\t\t<div class=\"elementor-column-wrap elementor-element-populated\">\n\t\t\t\t\t\t\t<div class=\"elementor-widget-wrap\">\n\t\t\t\t\t\t<div class=\"elementor-element elementor-element-9070f66 elementor-widget elementor-widget-text-editor\" data-id=\"9070f66\" data-element_type=\"widget\" data-widget_type=\"text-editor.default\">\n\t\t\t\t<div class=\"elementor-widget-container\">\n\t\t\t\t\t<div class=\"elementor-text-editor elementor-clearfix\"><p style=\"text-align: justify; line-height: normal; background-image: initial; background-position: initial; background-size: initial; background-repeat: initial; background-attachment: initial; background-origin: initial; background-clip: initial;\"><span style=\"font-size:10.0pt;font-family:\n&quot;Arial&quot;,sans-serif;mso-fareast-font-family:&quot;Times New Roman&quot;;color:black;\nmso-color-alt:windowtext;mso-font-kerning:0pt;mso-ligatures:none;mso-fareast-language:\nPT-BR\">A Secretaria-Executiva do Comit\u00ea Gestor do Simples Nacional divulgou\no <b>Roteiro da Op\u00e7\u00e3o pelo Simples Nacional para o ano de 2027<\/b>,\ntrazendo orienta\u00e7\u00f5es importantes para empresas j\u00e1 constitu\u00eddas, empresas em\nin\u00edcio de atividade e contribuintes que pretendam apurar IBS e CBS pelo regime\nregular, &#8220;por fora&#8221; do Simples Nacional.<\/span><span style=\"font-size:10.0pt;font-family:&quot;Arial&quot;,sans-serif;mso-fareast-font-family:\n&quot;Times New Roman&quot;;mso-font-kerning:0pt;mso-ligatures:none;mso-fareast-language:\nPT-BR\"><o:p><\/o:p><\/span><\/p><p style=\"text-align: justify; line-height: normal; background-image: initial; background-position: initial; background-size: initial; background-repeat: initial; background-attachment: initial; background-origin: initial; background-clip: initial;\"><span style=\"font-size:10.0pt;font-family:\n&quot;Arial&quot;,sans-serif;mso-fareast-font-family:&quot;Times New Roman&quot;;color:black;\nmso-color-alt:windowtext;mso-font-kerning:0pt;mso-ligatures:none;mso-fareast-language:\nPT-BR\">&nbsp;<b>EMPRESAS J\u00c1 EM ATIVIDADE<\/b><\/span><span style=\"font-size:10.0pt;\nfont-family:&quot;Arial&quot;,sans-serif;mso-fareast-font-family:&quot;Times New Roman&quot;;\nmso-font-kerning:0pt;mso-ligatures:none;mso-fareast-language:PT-BR\"><o:p><\/o:p><\/span><\/p><p style=\"text-align: justify; line-height: normal; background-image: initial; background-position: initial; background-size: initial; background-repeat: initial; background-attachment: initial; background-origin: initial; background-clip: initial;\"><span style=\"font-size:10.0pt;font-family:\n&quot;Arial&quot;,sans-serif;mso-fareast-font-family:&quot;Times New Roman&quot;;color:black;\nmso-color-alt:windowtext;mso-font-kerning:0pt;mso-ligatures:none;mso-fareast-language:\nPT-BR\">&nbsp;A op\u00e7\u00e3o pelo Simples Nacional dever\u00e1 ser realizada pelo <b>Portal\ndo Simples Nacional ou e-CAC, entre 1\u00ba e 30\/09\/2026<\/b>, com efeitos a partir\nde <b>01\/01\/2027<\/b>. O prazo aplica-se \u00e0s empresas em atividade ainda n\u00e3o\noptantes e \u00e0s exclu\u00eddas do regime, inclusive quando a exclus\u00e3o ocorrer em 2026\ncom efeitos em 2027.<\/span><span style=\"font-size:10.0pt;font-family:&quot;Arial&quot;,sans-serif;\nmso-fareast-font-family:&quot;Times New Roman&quot;;mso-font-kerning:0pt;mso-ligatures:\nnone;mso-fareast-language:PT-BR\"><o:p><\/o:p><\/span><\/p><p style=\"text-align: justify; line-height: normal; background-image: initial; background-position: initial; background-size: initial; background-repeat: initial; background-attachment: initial; background-origin: initial; background-clip: initial;\"><span style=\"font-size:10.0pt;font-family:\n&quot;Arial&quot;,sans-serif;mso-fareast-font-family:&quot;Times New Roman&quot;;color:black;\nmso-color-alt:windowtext;mso-font-kerning:0pt;mso-ligatures:none;mso-fareast-language:\nPT-BR\">&nbsp;Antes da confirma\u00e7\u00e3o, o sistema far\u00e1 <b>an\u00e1lise pr\u00e9via de\npend\u00eancias<\/b>. Se n\u00e3o houver irregularidades, basta confirmar o pedido.\nHavendo pend\u00eancias, elas poder\u00e3o ser regularizadas, mas a an\u00e1lise \u00e9 atualizada\napenas uma vez por dia e pode haver demora no processamento. Como a\nregulariza\u00e7\u00e3o poder\u00e1 ocorrer em at\u00e9 <b>30 dias ap\u00f3s a confirma\u00e7\u00e3o<\/b>,\nrecomenda-se confirmar o pedido mesmo com pend\u00eancias para n\u00e3o perder o prazo de\nop\u00e7\u00e3o de <b>30\/09\/2026<\/b>.<\/span><span style=\"font-size:10.0pt;\nfont-family:&quot;Arial&quot;,sans-serif;mso-fareast-font-family:&quot;Times New Roman&quot;;\nmso-font-kerning:0pt;mso-ligatures:none;mso-fareast-language:PT-BR\"><o:p><\/o:p><\/span><\/p><p style=\"text-align: justify; line-height: normal; background-image: initial; background-position: initial; background-size: initial; background-repeat: initial; background-attachment: initial; background-origin: initial; background-clip: initial;\"><span style=\"font-size:10.0pt;font-family:\n&quot;Arial&quot;,sans-serif;mso-fareast-font-family:&quot;Times New Roman&quot;;color:black;\nmso-color-alt:windowtext;mso-font-kerning:0pt;mso-ligatures:none;mso-fareast-language:\nPT-BR\">&nbsp;Se a op\u00e7\u00e3o for <b>deferida<\/b>, produzir\u00e1 efeitos em <b>01\/01\/2027<\/b>.\nSe <b>indeferida<\/b>, ser\u00e1 gerado imediatamente um <b>Termo de\nIndeferimento (TI) para cada ente que apontar irregularidades<\/b>. A ci\u00eancia\nocorre na gera\u00e7\u00e3o do TI, iniciando a contagem dos prazos; eventual mensagem\npelo DTE-SN \u00e9 apenas informativa.<\/span><span style=\"font-size:10.0pt;\nfont-family:&quot;Arial&quot;,sans-serif;mso-fareast-font-family:&quot;Times New Roman&quot;;\nmso-font-kerning:0pt;mso-ligatures:none;mso-fareast-language:PT-BR\"><o:p><\/o:p><\/span><\/p><p style=\"text-align: justify; line-height: normal; background-image: initial; background-position: initial; background-size: initial; background-repeat: initial; background-attachment: initial; background-origin: initial; background-clip: initial;\"><span style=\"font-size:10.0pt;font-family:\n&quot;Arial&quot;,sans-serif;mso-fareast-font-family:&quot;Times New Roman&quot;;color:black;\nmso-color-alt:windowtext;mso-font-kerning:0pt;mso-ligatures:none;mso-fareast-language:\nPT-BR\">&nbsp;Para ingressar no Simples Nacional, <b>todas as pend\u00eancias\nindicadas nos TIs dever\u00e3o ser regularizadas em at\u00e9 30 dias corridos da ci\u00eancia<\/b>.\nO acompanhamento poder\u00e1 ser feito pelo Portal do Simples Nacional ou e-CAC, com\natualiza\u00e7\u00e3o uma vez por dia. Mesmo ap\u00f3s a regulariza\u00e7\u00e3o, as pend\u00eancias poder\u00e3o\npermanecer temporariamente no sistema at\u00e9 o processamento das informa\u00e7\u00f5es pelos\nrespectivos entes.<\/span><span style=\"font-size:10.0pt;font-family:&quot;Arial&quot;,sans-serif;\nmso-fareast-font-family:&quot;Times New Roman&quot;;mso-font-kerning:0pt;mso-ligatures:\nnone;mso-fareast-language:PT-BR\"><o:p><\/o:p><\/span><\/p><p style=\"text-align: justify; line-height: normal; background-image: initial; background-position: initial; background-size: initial; background-repeat: initial; background-attachment: initial; background-origin: initial; background-clip: initial;\"><span style=\"font-size:10.0pt;font-family:\n&quot;Arial&quot;,sans-serif;mso-fareast-font-family:&quot;Times New Roman&quot;;color:black;\nmso-color-alt:windowtext;mso-font-kerning:0pt;mso-ligatures:none;mso-fareast-language:\nPT-BR\">&nbsp;Caso discorde do indeferimento, a empresa poder\u00e1 <b>contestar\/impugnar\no TI<\/b>. Para Termos emitidos pela <b>Receita Federal<\/b>, o prazo \u00e9\nde <b>20 dias \u00fateis da emiss\u00e3o<\/b>. Para os demais entes, devem ser\nobservados os prazos e procedimentos indicados em cada TI, com a contesta\u00e7\u00e3o\ndirigida ao ente respons\u00e1vel pela irregularidade.<\/span><span style=\"font-size:\n10.0pt;font-family:&quot;Arial&quot;,sans-serif;mso-fareast-font-family:&quot;Times New Roman&quot;;\nmso-font-kerning:0pt;mso-ligatures:none;mso-fareast-language:PT-BR\"><o:p><\/o:p><\/span><\/p><p style=\"text-align: justify; line-height: normal; background-image: initial; background-position: initial; background-size: initial; background-repeat: initial; background-attachment: initial; background-origin: initial; background-clip: initial;\"><span style=\"font-size:10.0pt;font-family:\n&quot;Arial&quot;,sans-serif;mso-fareast-font-family:&quot;Times New Roman&quot;;color:black;\nmso-color-alt:windowtext;mso-font-kerning:0pt;mso-ligatures:none;mso-fareast-language:\nPT-BR\">&nbsp;A solicita\u00e7\u00e3o, <b>deferida ou n\u00e3o<\/b>, poder\u00e1 ser cancelada\nat\u00e9 <b>30\/11\/2026<\/b>, pelo Portal do Simples Nacional. O cancelamento\n\u00e9 <b>irretrat\u00e1vel<\/b>, n\u00e3o sendo permitida nova op\u00e7\u00e3o para o mesmo per\u00edodo\nde apura\u00e7\u00e3o.<\/span><span style=\"font-size:10.0pt;font-family:&quot;Arial&quot;,sans-serif;\nmso-fareast-font-family:&quot;Times New Roman&quot;;mso-font-kerning:0pt;mso-ligatures:\nnone;mso-fareast-language:PT-BR\"><o:p><\/o:p><\/span><\/p><p style=\"text-align: justify; line-height: normal; background-image: initial; background-position: initial; background-size: initial; background-repeat: initial; background-attachment: initial; background-origin: initial; background-clip: initial;\"><span style=\"font-size:10.0pt;font-family:\n&quot;Arial&quot;,sans-serif;mso-fareast-font-family:&quot;Times New Roman&quot;;color:black;\nmso-color-alt:windowtext;mso-font-kerning:0pt;mso-ligatures:none;mso-fareast-language:\nPT-BR\">&nbsp;<b>EMPRESAS NOVAS<\/b><\/span><span style=\"font-size:10.0pt;\nfont-family:&quot;Arial&quot;,sans-serif;mso-fareast-font-family:&quot;Times New Roman&quot;;\nmso-font-kerning:0pt;mso-ligatures:none;mso-fareast-language:PT-BR\"><o:p><\/o:p><\/span><\/p><p style=\"text-align: justify; line-height: normal; background-image: initial; background-position: initial; background-size: initial; background-repeat: initial; background-attachment: initial; background-origin: initial; background-clip: initial;\"><span style=\"font-size:10.0pt;font-family:\n&quot;Arial&quot;,sans-serif;mso-fareast-font-family:&quot;Times New Roman&quot;;color:black;\nmso-color-alt:windowtext;mso-font-kerning:0pt;mso-ligatures:none;mso-fareast-language:\nPT-BR\">&nbsp;Desde <b>01\/12\/2025<\/b>, empresas em in\u00edcio de atividade\ndevem optar pelo Simples Nacional <b>no momento da inscri\u00e7\u00e3o do CNPJ<\/b>,\npor meio do <b>M\u00f3dulo Administra\u00e7\u00e3o Tribut\u00e1ria &#8211; MAT<\/b>. Se n\u00e3o fizerem a\nop\u00e7\u00e3o nesse momento, dever\u00e3o aguardar o pr\u00f3ximo per\u00edodo regular.\nExcepcionalmente, empresas registradas em <b>setembro de 2026<\/b> poder\u00e3o\noptar como empresas j\u00e1 constitu\u00eddas at\u00e9 <b>30\/09\/2026<\/b>.<\/span><span style=\"font-size:10.0pt;font-family:&quot;Arial&quot;,sans-serif;mso-fareast-font-family:\n&quot;Times New Roman&quot;;mso-font-kerning:0pt;mso-ligatures:none;mso-fareast-language:\nPT-BR\"><o:p><\/o:p><\/span><\/p><p style=\"text-align: justify; line-height: normal; background-image: initial; background-position: initial; background-size: initial; background-repeat: initial; background-attachment: initial; background-origin: initial; background-clip: initial;\"><span style=\"font-size:10.0pt;font-family:\n&quot;Arial&quot;,sans-serif;mso-fareast-font-family:&quot;Times New Roman&quot;;color:black;\nmso-color-alt:windowtext;mso-font-kerning:0pt;mso-ligatures:none;mso-fareast-language:\nPT-BR\">&nbsp;Se <b>deferida<\/b>, a op\u00e7\u00e3o produzir\u00e1 efeitos desde a <b>data\nde inscri\u00e7\u00e3o do CNPJ<\/b>. Em caso de <b>indeferimento<\/b>, a empresa\nter\u00e1 <b>30 dias da inscri\u00e7\u00e3o<\/b> para regularizar todas as pend\u00eancias\nou <b>20 dias \u00fateis da inscri\u00e7\u00e3o<\/b> para contestar a decis\u00e3o.<\/span><span style=\"font-size:10.0pt;font-family:&quot;Arial&quot;,sans-serif;mso-fareast-font-family:\n&quot;Times New Roman&quot;;mso-font-kerning:0pt;mso-ligatures:none;mso-fareast-language:\nPT-BR\"><o:p><\/o:p><\/span><\/p><p style=\"text-align: justify; line-height: normal; background-image: initial; background-position: initial; background-size: initial; background-repeat: initial; background-attachment: initial; background-origin: initial; background-clip: initial;\"><span style=\"font-size:10.0pt;font-family:\n&quot;Arial&quot;,sans-serif;mso-fareast-font-family:&quot;Times New Roman&quot;;color:black;\nmso-color-alt:windowtext;mso-font-kerning:0pt;mso-ligatures:none;mso-fareast-language:\nPT-BR\">&nbsp;O pedido de op\u00e7\u00e3o de empresa em in\u00edcio de atividade n\u00e3o poder\u00e1 ser\ncancelado. A situa\u00e7\u00e3o poder\u00e1 ser acompanhada pelo Portal do Simples Nacional e,\nregularizadas as pend\u00eancias no prazo, a aprova\u00e7\u00e3o ser\u00e1 autom\u00e1tica, sem\nnecessidade de nova op\u00e7\u00e3o.<\/span><span style=\"font-size:10.0pt;font-family:\n&quot;Arial&quot;,sans-serif;mso-fareast-font-family:&quot;Times New Roman&quot;;mso-font-kerning:\n0pt;mso-ligatures:none;mso-fareast-language:PT-BR\"><o:p><\/o:p><\/span><\/p><p style=\"text-align: justify; line-height: normal; background-image: initial; background-position: initial; background-size: initial; background-repeat: initial; background-attachment: initial; background-origin: initial; background-clip: initial;\"><span style=\"font-size:10.0pt;font-family:\n&quot;Arial&quot;,sans-serif;mso-fareast-font-family:&quot;Times New Roman&quot;;color:black;\nmso-color-alt:windowtext;mso-font-kerning:0pt;mso-ligatures:none;mso-fareast-language:\nPT-BR\">&nbsp;<\/span><b style=\"font-size: 14px;\"><span style=\"font-size:10.0pt;\nfont-family:&quot;Arial&quot;,sans-serif;mso-fareast-font-family:&quot;Times New Roman&quot;;\ncolor:black;mso-color-alt:windowtext;mso-font-kerning:0pt;mso-ligatures:none;\nmso-fareast-language:PT-BR\">REGIME H\u00cdBRIDO \u2013 IBS\/CBS &#8220;POR FORA&#8221;<\/span><\/b><\/p><p style=\"text-align: justify; line-height: normal; background-image: initial; background-position: initial; background-size: initial; background-repeat: initial; background-attachment: initial; background-origin: initial; background-clip: initial;\"><span style=\"font-size:10.0pt;font-family:\n&quot;Arial&quot;,sans-serif;mso-fareast-font-family:&quot;Times New Roman&quot;;color:black;\nmso-color-alt:windowtext;mso-font-kerning:0pt;mso-ligatures:none;mso-fareast-language:\nPT-BR\">As empresas do Simples Nacional ter\u00e3o, por padr\u00e3o, IBS e CBS apurados\ndentro do regime e recolhidos no DAS, mas poder\u00e3o optar pela apura\u00e7\u00e3o e\nrecolhimento &#8220;por fora&#8221; do Simples, pelo regime regular. <b>A\nop\u00e7\u00e3o poder\u00e1 ser feita em mar\u00e7o ou setembro de cada ano<\/b>: se realizada em\nsetembro, produzir\u00e1 efeitos a partir de 1\u00ba de janeiro do ano seguinte; se\nrealizada em mar\u00e7o, a partir de 1\u00ba de julho do mesmo ano.<\/span><span style=\"font-size:10.0pt;font-family:&quot;Arial&quot;,sans-serif;mso-fareast-font-family:\n&quot;Times New Roman&quot;;mso-font-kerning:0pt;mso-ligatures:none;mso-fareast-language:\nPT-BR\"><o:p><\/o:p><\/span><\/p><p style=\"text-align: justify; line-height: normal; background-image: initial; background-position: initial; background-size: initial; background-repeat: initial; background-attachment: initial; background-origin: initial; background-clip: initial;\"><span style=\"font-size:10.0pt;font-family:\n&quot;Arial&quot;,sans-serif;mso-fareast-font-family:&quot;Times New Roman&quot;;color:black;\nmso-color-alt:windowtext;mso-font-kerning:0pt;mso-ligatures:none;mso-fareast-language:\nPT-BR\">&nbsp;Quem ainda n\u00e3o for optante dever\u00e1 solicitar o ingresso no Simples\nentre <b>01\/09 e 30\/09\/2026<\/b> e, mesmo que o pedido ainda n\u00e3o tenha\nsido aprovado, poder\u00e1 optar pelo regime regular de IBS\/CBS at\u00e9 30\/09\/2026, caso\ntenha expectativa de ingresso ap\u00f3s regulariza\u00e7\u00e3o ou contesta\u00e7\u00e3o. A op\u00e7\u00e3o dever\u00e1\nser realizada no Portal do Simples Nacional.<\/span><span style=\"font-size:10.0pt;\nfont-family:&quot;Arial&quot;,sans-serif;mso-fareast-font-family:&quot;Times New Roman&quot;;\nmso-font-kerning:0pt;mso-ligatures:none;mso-fareast-language:PT-BR\"><o:p><\/o:p><\/span><\/p><p style=\"text-align: justify; line-height: normal; background-image: initial; background-position: initial; background-size: initial; background-repeat: initial; background-attachment: initial; background-origin: initial; background-clip: initial;\"><span style=\"font-size:10.0pt;font-family:\n&quot;Arial&quot;,sans-serif;mso-fareast-font-family:&quot;Times New Roman&quot;;color:black;\nmso-color-alt:windowtext;mso-font-kerning:0pt;mso-ligatures:none;mso-fareast-language:\nPT-BR\">&nbsp;A op\u00e7\u00e3o ou ren\u00fancia ao regime regular de IBS e CBS poder\u00e1 ser\nrealizada em mar\u00e7o e setembro de cada ano. Assim, quem n\u00e3o optou em\nsetembro\/2026 poder\u00e1 faz\u00ea-lo em mar\u00e7o\/2027, com efeitos no segundo semestre de\n2027, e quem optou em setembro\/2026 poder\u00e1 renunciar em mar\u00e7o\/2027, tamb\u00e9m com\nefeitos no segundo semestre. <b>Na aus\u00eancia de ren\u00fancia, o regime\npermanece v\u00e1lido, sem necessidade de nova op\u00e7\u00e3o a cada semestre<\/b>.<\/span><span style=\"font-size:10.0pt;font-family:&quot;Arial&quot;,sans-serif;mso-fareast-font-family:\n&quot;Times New Roman&quot;;mso-font-kerning:0pt;mso-ligatures:none;mso-fareast-language:\nPT-BR\"><o:p><\/o:p><\/span><\/p><p style=\"text-align: justify; line-height: normal; background-image: initial; background-position: initial; background-size: initial; background-repeat: initial; background-attachment: initial; background-origin: initial; background-clip: initial;\"><span style=\"font-size:10.0pt;font-family:\n&quot;Arial&quot;,sans-serif;mso-fareast-font-family:&quot;Times New Roman&quot;;color:black;\nmso-color-alt:windowtext;mso-font-kerning:0pt;mso-ligatures:none;mso-fareast-language:\nPT-BR\">&nbsp;<b>RESUMO DOS PRINCIPAIS PRAZOS<\/b><\/span><span style=\"font-size:\n10.0pt;font-family:&quot;Arial&quot;,sans-serif;mso-fareast-font-family:&quot;Times New Roman&quot;;\nmso-font-kerning:0pt;mso-ligatures:none;mso-fareast-language:PT-BR\"><o:p><\/o:p><\/span><\/p><table border=\"0\" cellspacing=\"0\" cellpadding=\"0\">\n <tbody><tr>\n  <td style=\"padding:.75pt .75pt .75pt .75pt\">\n  <p style=\"mso-margin-bottom-alt:auto;line-height:normal\"><b><span style=\"font-size:10.0pt;font-family:&quot;Arial&quot;,sans-serif;mso-fareast-font-family:\n  &quot;Times New Roman&quot;;mso-font-kerning:0pt;mso-ligatures:none;mso-fareast-language:\n  PT-BR\">Prazo\/Data<\/span><\/b><span style=\"font-size:10.0pt;font-family:&quot;Arial&quot;,sans-serif;\n  mso-fareast-font-family:&quot;Times New Roman&quot;;mso-font-kerning:0pt;mso-ligatures:\n  none;mso-fareast-language:PT-BR\"><o:p><\/o:p><\/span><\/p>\n  <\/td>\n  <td style=\"padding:.75pt .75pt .75pt .75pt\">\n  <p style=\"mso-margin-bottom-alt:auto;line-height:normal\"><b><span style=\"font-size:10.0pt;font-family:&quot;Arial&quot;,sans-serif;mso-fareast-font-family:\n  &quot;Times New Roman&quot;;mso-font-kerning:0pt;mso-ligatures:none;mso-fareast-language:\n  PT-BR\">Provid\u00eancia<\/span><\/b><span style=\"font-size:10.0pt;font-family:&quot;Arial&quot;,sans-serif;\n  mso-fareast-font-family:&quot;Times New Roman&quot;;mso-font-kerning:0pt;mso-ligatures:\n  none;mso-fareast-language:PT-BR\"><o:p><\/o:p><\/span><\/p>\n  <\/td>\n <\/tr>\n <tr>\n  <td style=\"padding:.75pt .75pt .75pt .75pt\">\n  <p style=\"mso-margin-bottom-alt:auto;line-height:normal\"><span style=\"font-size:10.0pt;font-family:&quot;Arial&quot;,sans-serif;mso-fareast-font-family:\n  &quot;Times New Roman&quot;;mso-font-kerning:0pt;mso-ligatures:none;mso-fareast-language:\n  PT-BR\">01 a 30\/09\/2026<o:p><\/o:p><\/span><\/p>\n  <\/td>\n  <td style=\"padding:.75pt .75pt .75pt .75pt\">\n  <p style=\"mso-margin-bottom-alt:auto;line-height:normal\"><span style=\"font-size:10.0pt;font-family:&quot;Arial&quot;,sans-serif;mso-fareast-font-family:\n  &quot;Times New Roman&quot;;mso-font-kerning:0pt;mso-ligatures:none;mso-fareast-language:\n  PT-BR\">Op\u00e7\u00e3o pelo Simples Nacional para 2027 pelas empresas j\u00e1 em atividade,\n  com efeitos a partir de 01\/01\/2027<o:p><\/o:p><\/span><\/p>\n  <p style=\"mso-margin-bottom-alt:auto;line-height:normal\"><span style=\"font-size:10.0pt;font-family:&quot;Arial&quot;,sans-serif;mso-fareast-font-family:\n  &quot;Times New Roman&quot;;mso-font-kerning:0pt;mso-ligatures:none;mso-fareast-language:\n  PT-BR\">Op\u00e7\u00e3o pelo regime regular de IBS\/CBS (h\u00edbrido) para produzir efeitos a\n  partir de 01\/01\/2027<o:p><\/o:p><\/span><\/p>\n  <\/td>\n <\/tr>\n <tr>\n  <td style=\"padding:.75pt .75pt .75pt .75pt\">\n  <p style=\"mso-margin-bottom-alt:auto;line-height:normal\"><span style=\"font-size:10.0pt;font-family:&quot;Arial&quot;,sans-serif;mso-fareast-font-family:\n  &quot;Times New Roman&quot;;mso-font-kerning:0pt;mso-ligatures:none;mso-fareast-language:\n  PT-BR\">At\u00e9 30 dias corridos da ci\u00eancia do TI&nbsp;&nbsp;&nbsp;<o:p><\/o:p><\/span><\/p>\n  <\/td>\n  <td style=\"padding:.75pt .75pt .75pt .75pt\">\n  <p style=\"mso-margin-bottom-alt:auto;line-height:normal\"><span style=\"font-size:10.0pt;font-family:&quot;Arial&quot;,sans-serif;mso-fareast-font-family:\n  &quot;Times New Roman&quot;;mso-font-kerning:0pt;mso-ligatures:none;mso-fareast-language:\n  PT-BR\">Regulariza\u00e7\u00e3o das pend\u00eancias que motivaram o indeferimento da op\u00e7\u00e3o<o:p><\/o:p><\/span><\/p>\n  <\/td>\n <\/tr>\n <tr>\n  <td style=\"padding:.75pt .75pt .75pt .75pt\">\n  <p style=\"mso-margin-bottom-alt:auto;line-height:normal\"><span style=\"font-size:10.0pt;font-family:&quot;Arial&quot;,sans-serif;mso-fareast-font-family:\n  &quot;Times New Roman&quot;;mso-font-kerning:0pt;mso-ligatures:none;mso-fareast-language:\n  PT-BR\">&nbsp;<\/span><\/p>\n  <p style=\"mso-margin-bottom-alt:auto;line-height:normal\"><span style=\"font-size:10.0pt;font-family:&quot;Arial&quot;,sans-serif;mso-fareast-font-family:\n  &quot;Times New Roman&quot;;mso-font-kerning:0pt;mso-ligatures:none;mso-fareast-language:\n  PT-BR\">At\u00e9 20 dias \u00fateis da emiss\u00e3o do TI<o:p><\/o:p><\/span><\/p>\n  <\/td>\n  <td style=\"padding:.75pt .75pt .75pt .75pt\">\n  <p style=\"mso-margin-bottom-alt:auto;line-height:normal\"><span style=\"font-size:10.0pt;font-family:&quot;Arial&quot;,sans-serif;mso-fareast-font-family:\n  &quot;Times New Roman&quot;;mso-font-kerning:0pt;mso-ligatures:none;mso-fareast-language:\n  PT-BR\">Impugna\u00e7\u00e3o de TI emitido pela Receita Federal. Para os demais entes,\n  observar o prazo indicado no respectivo TI<o:p><\/o:p><\/span><\/p>\n  <\/td>\n <\/tr>\n <tr>\n  <td style=\"padding:.75pt .75pt .75pt .75pt\">\n  <p style=\"mso-margin-bottom-alt:auto;line-height:normal\"><span style=\"font-size:10.0pt;font-family:&quot;Arial&quot;,sans-serif;mso-fareast-font-family:\n  &quot;Times New Roman&quot;;mso-font-kerning:0pt;mso-ligatures:none;mso-fareast-language:\n  PT-BR\">At\u00e9 30\/11\/2026<o:p><\/o:p><\/span><\/p>\n  <\/td>\n  <td style=\"padding:.75pt .75pt .75pt .75pt\">\n  <p style=\"mso-margin-bottom-alt:auto;line-height:normal\"><span style=\"font-size:10.0pt;font-family:&quot;Arial&quot;,sans-serif;mso-fareast-font-family:\n  &quot;Times New Roman&quot;;mso-font-kerning:0pt;mso-ligatures:none;mso-fareast-language:\n  PT-BR\">Cancelamento (irretrat\u00e1vel) da op\u00e7\u00e3o por empresa j\u00e1 em atividade<o:p><\/o:p><\/span><\/p>\n  <\/td>\n <\/tr>\n <tr>\n  <td style=\"padding:.75pt .75pt .75pt .75pt\">\n  <p style=\"mso-margin-bottom-alt:auto;line-height:normal\"><span style=\"font-size:10.0pt;font-family:&quot;Arial&quot;,sans-serif;mso-fareast-font-family:\n  &quot;Times New Roman&quot;;mso-font-kerning:0pt;mso-ligatures:none;mso-fareast-language:\n  PT-BR\">Na inscri\u00e7\u00e3o do CNPJ<o:p><\/o:p><\/span><\/p>\n  <\/td>\n  <td style=\"padding:.75pt .75pt .75pt .75pt\">\n  <p style=\"mso-margin-bottom-alt:auto;line-height:normal\"><span style=\"font-size:10.0pt;font-family:&quot;Arial&quot;,sans-serif;mso-fareast-font-family:\n  &quot;Times New Roman&quot;;mso-font-kerning:0pt;mso-ligatures:none;mso-fareast-language:\n  PT-BR\">Empresas novas devem realizar a op\u00e7\u00e3o pelo Simples Nacional no momento\n  da inscri\u00e7\u00e3o, via MAT<o:p><\/o:p><\/span><\/p>\n  <\/td>\n <\/tr>\n <tr>\n  <td style=\"padding:.75pt .75pt .75pt .75pt\">\n  <p style=\"mso-margin-bottom-alt:auto;line-height:normal\"><span style=\"font-size:10.0pt;font-family:&quot;Arial&quot;,sans-serif;mso-fareast-font-family:\n  &quot;Times New Roman&quot;;mso-font-kerning:0pt;mso-ligatures:none;mso-fareast-language:\n  PT-BR\">At\u00e9 30 dias da inscri\u00e7\u00e3o do CNPJ<o:p><\/o:p><\/span><\/p>\n  <\/td>\n  <td style=\"padding:.75pt .75pt .75pt .75pt\">\n  <p style=\"mso-margin-bottom-alt:auto;line-height:normal\"><span style=\"font-size:10.0pt;font-family:&quot;Arial&quot;,sans-serif;mso-fareast-font-family:\n  &quot;Times New Roman&quot;;mso-font-kerning:0pt;mso-ligatures:none;mso-fareast-language:\n  PT-BR\">Empresa nova: regulariza\u00e7\u00e3o das pend\u00eancias em caso de indeferimento<o:p><\/o:p><\/span><\/p>\n  <\/td>\n <\/tr>\n <tr>\n  <td style=\"padding:.75pt .75pt .75pt .75pt\">\n  <p style=\"mso-margin-bottom-alt:auto;line-height:normal\"><span style=\"font-size:10.0pt;font-family:&quot;Arial&quot;,sans-serif;mso-fareast-font-family:\n  &quot;Times New Roman&quot;;mso-font-kerning:0pt;mso-ligatures:none;mso-fareast-language:\n  PT-BR\">At\u00e9 20 dias \u00fateis da inscri\u00e7\u00e3o do CNPJ<o:p><\/o:p><\/span><\/p>\n  <\/td>\n  <td style=\"padding:.75pt .75pt .75pt .75pt\">\n  <p style=\"mso-margin-bottom-alt:auto;line-height:normal\"><span style=\"font-size:10.0pt;font-family:&quot;Arial&quot;,sans-serif;mso-fareast-font-family:\n  &quot;Times New Roman&quot;;mso-font-kerning:0pt;mso-ligatures:none;mso-fareast-language:\n  PT-BR\">Empresa nova: contesta\u00e7\u00e3o\/impugna\u00e7\u00e3o do indeferimento<o:p><\/o:p><\/span><\/p>\n  <\/td>\n <\/tr>\n <tr>\n  <td style=\"padding:.75pt .75pt .75pt .75pt\">\n  <p style=\"mso-margin-bottom-alt:auto;line-height:normal\"><span style=\"font-size:10.0pt;font-family:&quot;Arial&quot;,sans-serif;mso-fareast-font-family:\n  &quot;Times New Roman&quot;;mso-font-kerning:0pt;mso-ligatures:none;mso-fareast-language:\n  PT-BR\">Mar\u00e7o\/2027<o:p><\/o:p><\/span><\/p>\n  <\/td>\n  <td style=\"padding:.75pt .75pt .75pt .75pt\">\n  <p style=\"mso-margin-bottom-alt:auto;line-height:normal\"><span style=\"font-size:10.0pt;font-family:&quot;Arial&quot;,sans-serif;mso-fareast-font-family:\n  &quot;Times New Roman&quot;;mso-font-kerning:0pt;mso-ligatures:none;mso-fareast-language:\n  PT-BR\">Nova oportunidade para op\u00e7\u00e3o ou ren\u00fancia ao regime regular de IBS\/CBS,\n  com efeitos no 2\u00ba semestre de 2027<o:p><\/o:p><\/span><\/p>\n  <\/td>\n <\/tr>\n<\/tbody><\/table><p style=\"text-align: justify; line-height: normal; background-image: initial; background-position: initial; background-size: initial; background-repeat: initial; background-attachment: initial; background-origin: initial; background-clip: initial;\"><span style=\"font-size:10.0pt;font-family:\n&quot;Arial&quot;,sans-serif;mso-fareast-font-family:&quot;Times New Roman&quot;;color:black;\nmso-color-alt:windowtext;mso-font-kerning:0pt;mso-ligatures:none;mso-fareast-language:\nPT-BR\">&nbsp;<\/span><span style=\"font-size: 10pt; font-family: Arial, sans-serif; color: black;\">Para mais informa\u00e7\u00f5es, consulte o inteiro teor do Roteiro da Op\u00e7\u00e3o pelo\nSimples Nacional para o ano de 2027, dispon\u00edvel em<\/span><span style=\"font-size: 10pt; font-family: Arial, sans-serif; color: rgb(0, 112, 192);\"> <a href=\"https:\/\/feclink.fecomercio.net.br\/cl\/PX2DG\/ofw\/bc89\/NkR5G_qP9Mz\/BMNv\/K7BfFI-WlYr\/1\/\" target=\"_blank\"><span style=\"color: rgb(0, 112, 192);\">clique aqui<\/span><\/a><\/span><span style=\"font-size: 10pt; font-family: Arial, sans-serif; color: black;\">.<\/span><\/p><p style=\"text-align: justify; line-height: normal; background-image: initial; background-position: initial; background-size: initial; background-repeat: initial; background-attachment: initial; background-origin: initial; background-clip: initial;\"><span style=\"font-size:10.0pt;font-family:\n&quot;Arial&quot;,sans-serif;mso-fareast-font-family:&quot;Times New Roman&quot;;color:black;\nmso-color-alt:windowtext;mso-font-kerning:0pt;mso-ligatures:none;mso-fareast-language:\nPT-BR\">Assessoria FecomercioSP.&nbsp;&nbsp;<\/span><\/p><\/div>\n\t\t\t\t<\/div>\n\t\t\t\t<\/div>\n\t\t\t\t\t\t<\/div>\n\t\t\t\t\t<\/div>\n\t\t<\/div>\n\t\t\t\t\t\t\t\t<\/div>\n\t\t\t\t\t<\/div>\n\t\t<\/section>\n\t\t\t\t\t\t<\/div>\n\t\t\t\t\t\t<\/div>\n\t\t\t\t\t<\/div>\n\t\t","protected":false},"excerpt":{"rendered":"<p>A Secretaria-Executiva do Comit\u00ea Gestor do Simples Nacional divulgou o Roteiro da Op\u00e7\u00e3o pelo Simples Nacional para o ano de 2027, trazendo orienta\u00e7\u00f5es importantes para empresas j\u00e1 constitu\u00eddas, empresas em in\u00edcio de atividade e contribuintes que pretendam apurar IBS e CBS pelo regime regular, &#8220;por fora&#8221; do Simples Nacional. &nbsp;EMPRESAS J\u00c1 EM ATIVIDADE &nbsp;A op\u00e7\u00e3o [&hellip;]<\/p>\n","protected":false},"author":2,"featured_media":0,"comment_status":"closed","ping_status":"open","sticky":false,"template":"","format":"standard","meta":{"footnotes":""},"categories":[1],"tags":[],"class_list":["post-4007","post","type-post","status-publish","format-standard","hentry","category-sem-categoria","entry"],"_links":{"self":[{"href":"https:\/\/sincomercioata.com.br\/index.php\/wp-json\/wp\/v2\/posts\/4007","targetHints":{"allow":["GET"]}}],"collection":[{"href":"https:\/\/sincomercioata.com.br\/index.php\/wp-json\/wp\/v2\/posts"}],"about":[{"href":"https:\/\/sincomercioata.com.br\/index.php\/wp-json\/wp\/v2\/types\/post"}],"author":[{"embeddable":true,"href":"https:\/\/sincomercioata.com.br\/index.php\/wp-json\/wp\/v2\/users\/2"}],"replies":[{"embeddable":true,"href":"https:\/\/sincomercioata.com.br\/index.php\/wp-json\/wp\/v2\/comments?post=4007"}],"version-history":[{"count":4,"href":"https:\/\/sincomercioata.com.br\/index.php\/wp-json\/wp\/v2\/posts\/4007\/revisions"}],"predecessor-version":[{"id":4011,"href":"https:\/\/sincomercioata.com.br\/index.php\/wp-json\/wp\/v2\/posts\/4007\/revisions\/4011"}],"wp:attachment":[{"href":"https:\/\/sincomercioata.com.br\/index.php\/wp-json\/wp\/v2\/media?parent=4007"}],"wp:term":[{"taxonomy":"category","embeddable":true,"href":"https:\/\/sincomercioata.com.br\/index.php\/wp-json\/wp\/v2\/categories?post=4007"},{"taxonomy":"post_tag","embeddable":true,"href":"https:\/\/sincomercioata.com.br\/index.php\/wp-json\/wp\/v2\/tags?post=4007"}],"curies":[{"name":"wp","href":"https:\/\/api.w.org\/{rel}","templated":true}]}}