{"id":3859,"date":"2026-04-29T09:38:29","date_gmt":"2026-04-29T12:38:29","guid":{"rendered":"https:\/\/sincomercioata.com.br\/?p=3859"},"modified":"2026-04-29T15:11:26","modified_gmt":"2026-04-29T18:11:26","slug":"logistica-reversa-novas-exigencias-do-poder-publico-sobre-o-comercio","status":"publish","type":"post","link":"https:\/\/sincomercioata.com.br\/index.php\/2026\/04\/29\/logistica-reversa-novas-exigencias-do-poder-publico-sobre-o-comercio\/","title":{"rendered":"LOG\u00cdSTICA REVERSA: NOVAS EXIG\u00caNCIAS DO PODER P\u00daBLICO SOBRE O COM\u00c9RCIO"},"content":{"rendered":"\t\t<div data-elementor-type=\"wp-post\" data-elementor-id=\"3859\" class=\"elementor elementor-3859\" data-elementor-settings=\"[]\">\n\t\t\t\t\t\t<div class=\"elementor-inner\">\n\t\t\t\t\t\t\t<div class=\"elementor-section-wrap\">\n\t\t\t\t\t\t\t<section class=\"elementor-section elementor-top-section elementor-element elementor-element-5c65647 elementor-section-boxed elementor-section-height-default elementor-section-height-default\" data-id=\"5c65647\" data-element_type=\"section\">\n\t\t\t\t\t\t<div class=\"elementor-container elementor-column-gap-default\">\n\t\t\t\t\t\t\t<div class=\"elementor-row\">\n\t\t\t\t\t<div class=\"elementor-column elementor-col-100 elementor-top-column elementor-element elementor-element-26b8760\" data-id=\"26b8760\" data-element_type=\"column\">\n\t\t\t<div class=\"elementor-column-wrap elementor-element-populated\">\n\t\t\t\t\t\t\t<div class=\"elementor-widget-wrap\">\n\t\t\t\t\t\t<div class=\"elementor-element elementor-element-9784bb8 elementor-widget elementor-widget-text-editor\" data-id=\"9784bb8\" data-element_type=\"widget\" data-widget_type=\"text-editor.default\">\n\t\t\t\t<div class=\"elementor-widget-container\">\n\t\t\t\t\t<div class=\"elementor-text-editor elementor-clearfix\"><p><span dir=\"auto\" style=\"vertical-align: inherit;\"><span dir=\"auto\" style=\"vertical-align: inherit;\"><span dir=\"auto\" style=\"vertical-align: inherit;\"><span dir=\"auto\" style=\"vertical-align: inherit;\"><span dir=\"auto\" style=\"vertical-align: inherit;\"><span dir=\"auto\" style=\"vertical-align: inherit;\">Informamos que o com\u00e9rcio deve estar atento \u00e0s mudan\u00e7as nas regras da log\u00edstica reversa (LR), em raz\u00e3o das recentes altera\u00e7\u00f5es normativas propostas pelo Minist\u00e9rio do Meio Ambiente e Mudan\u00e7a do Clima &#8211; MMA, especialmente no que tange \u00e0 participa\u00e7\u00e3o do com\u00e9rcio \u00e0 dist\u00e2ncia ou e-commerce, vejamos:<\/span><\/span><\/span><\/span><\/span><\/span><\/p><ol><li><span dir=\"auto\" style=\"vertical-align: inherit;\"><span dir=\"auto\" style=\"vertical-align: inherit;\"><span dir=\"auto\" style=\"vertical-align: inherit;\"><span dir=\"auto\" style=\"vertical-align: inherit;\"><span dir=\"auto\" style=\"vertical-align: inherit;\"><span dir=\"auto\" style=\"vertical-align: inherit;\">Decreto n\u00ba 12.688\/2025 \u2013 institui a LR de embalagens de pl\u00e1stico e itens equipar\u00e1veis \u200b\u200b\u200b\u200b- permite a participa\u00e7\u00e3o de comerciantes \u2013 lojas f\u00edsicas ou negocia\u00e7\u00f5es a dist\u00e2ncia \u2013 como ponto de divulga\u00e7\u00e3o, quando n\u00e3o atuarem como ponto de entrega volunt\u00e1ria (PEV) desses itens p\u00f3s-consumo.<\/span><\/span><\/span><\/span><\/span><\/span><\/li><li><span dir=\"auto\" style=\"vertical-align: inherit;\"><span dir=\"auto\" style=\"vertical-align: inherit;\"><span dir=\"auto\" style=\"vertical-align: inherit;\"><span dir=\"auto\" style=\"vertical-align: inherit;\"><span dir=\"auto\" style=\"vertical-align: inherit;\"><span dir=\"auto\" style=\"vertical-align: inherit;\">Proposta de altera\u00e7\u00e3o do Decreto n\u00ba 10.240\/2020 &#8211; regulamenta a LR de eletroeletr\u00f4nicos: obriga o setor de vendas \u00e0 dist\u00e2ncia e plataformas de e-commerce a receber tais produtos p\u00f3s-consumo. Para viabilizar a devolu\u00e7\u00e3o desses produtos pelo consumidor, a minuta do Decreto prev\u00ea a participa\u00e7\u00e3o de empresas de log\u00edstica (ex.: correios), caso em que a empresa de vendas \u00e0 dist\u00e2ncia \/ e-commerce dever\u00e1 firmar com a empresa de log\u00edstica contrato espec\u00edfico para esse fim, isto \u00e9, coleta do produto p\u00f3s-consumo e envio para locais de destino final ambiental adequado. Al\u00e9m disso, a inten\u00e7\u00e3o manifestada pelas entidades gestoras \u00e9 que o comerciante deve, al\u00e9m de ser ponto de coleta, pagar as despesas pelo PEV.<\/span><\/span><\/span><\/span><\/span><\/span><\/li><li><span dir=\"auto\" style=\"vertical-align: inherit;\"><span dir=\"auto\" style=\"vertical-align: inherit;\"><span dir=\"auto\" style=\"vertical-align: inherit;\"><span dir=\"auto\" style=\"vertical-align: inherit;\"><span dir=\"auto\" style=\"vertical-align: inherit;\"><span dir=\"auto\" style=\"vertical-align: inherit;\">Minuta de Resolu\u00e7\u00e3o CONAMA: estabelece regras para fiscaliza\u00e7\u00e3o das empresas sobre o cumprimento da LR, incluindo o condicionamento da concess\u00e3o ou renova\u00e7\u00e3o do alvar\u00e1 de funcionamento pelos munic\u00edpios! Por analogia, h\u00e1 previs\u00e3o para o setor da ind\u00fastria ter a licen\u00e7a ambiental de opera\u00e7\u00e3o condicionada ao cumprimento das metas de LR, o que j\u00e1 ocorre, por exemplo, no Estado de S\u00e3o Paulo.<\/span><\/span><\/span><\/span><\/span><\/span><\/li><li><span dir=\"auto\" style=\"vertical-align: inherit;\"><span dir=\"auto\" style=\"vertical-align: inherit;\"><span dir=\"auto\" style=\"vertical-align: inherit;\"><span dir=\"auto\" style=\"vertical-align: inherit;\"><span dir=\"auto\" style=\"vertical-align: inherit;\"><span dir=\"auto\" style=\"vertical-align: inherit;\">Lista pr\u00e9via n\u00e3o exaustiva de NCM&#8217;s de eletroeletr\u00f4nicos de uso dom\u00e9stico, objeto do sistema de LR regulamentado pelo citado Decreto, a ser publicada no Sistema Nacional de Informa\u00e7\u00f5es sobre Res\u00edduos &#8211; Sinir, para orientar os consumidores e subsidiar os atos fiscalizat\u00f3rios pelo poder p\u00fablico sobre os importadores.<\/span><\/span><\/span><\/span><\/span><\/span><\/li><li><span dir=\"auto\" style=\"vertical-align: inherit;\"><span dir=\"auto\" style=\"vertical-align: inherit;\"><span dir=\"auto\" style=\"vertical-align: inherit;\"><span dir=\"auto\" style=\"vertical-align: inherit;\"><span dir=\"auto\" style=\"vertical-align: inherit;\"><span dir=\"auto\" style=\"vertical-align: inherit;\">Decreto Geral de Log\u00edstica Reversa &#8220;Decret\u00e3o&#8221;: o MMA est\u00e1 elaborando uma minuta de decreto geral para LR, cuja base \u00e9 o Decreto 12.688\/2025. A previs\u00e3o \u00e9 de publica\u00e7\u00e3o em 1 ou 2 anos, e dessa forma, todos os anexos espec\u00edficos da SLR ser\u00e3o encontrados.<\/span><\/span><\/span><\/span><\/span><\/span><\/li><\/ol><p><span dir=\"auto\" style=\"vertical-align: inherit;\"><span dir=\"auto\" style=\"vertical-align: inherit;\"><span dir=\"auto\" style=\"vertical-align: inherit;\"><span dir=\"auto\" style=\"vertical-align: inherit;\"><span dir=\"auto\" style=\"vertical-align: inherit;\"><span dir=\"auto\" style=\"vertical-align: inherit;\">Diante disso, alertamos as empresas de com\u00e9rcio varejista e atacadista, sobre a participa\u00e7\u00e3o obrigat\u00f3ria nos sistemas de log\u00edstica reversa, sob pena de multas, que v\u00e3o de 5 mil a 50 milh\u00f5es de reais, nos termos do Decreto 6.514\/2008 (arts. 61 e 62, XII), al\u00e9m dos poss\u00edveis entraves que surgir\u00e3o na concess\u00e3o ou renova\u00e7\u00e3o do alvar\u00e1 de funcionamento.<\/span><\/span><\/span><\/span><\/span><\/span><\/p><p><span dir=\"auto\" style=\"vertical-align: inherit;\"><span dir=\"auto\" style=\"vertical-align: inherit;\"><span dir=\"auto\" style=\"vertical-align: inherit;\"><span dir=\"auto\" style=\"vertical-align: inherit;\"><span dir=\"auto\" style=\"vertical-align: inherit;\"><span dir=\"auto\" style=\"vertical-align: inherit;\">\u00a0Ressaltamos ainda que as empresas de com\u00e9rcio que importam diretamente seus produtos ou possuem marcas pr\u00f3prias devem participar dos sistemas de LR com as mesmas obriga\u00e7\u00f5es dos fabricantes, isto \u00e9, custeando a destina\u00e7\u00e3o final ambientalmente adequada dos produtos p\u00f3s-consumo e de suas embalagens, cumprindo as metas de forma proporcional \u00e0s quantidades que coloca no mercado.<\/span><\/span><\/span><\/span><\/span><\/span><\/p><p><span dir=\"auto\" style=\"vertical-align: inherit;\"><span dir=\"auto\" style=\"vertical-align: inherit;\"><span dir=\"auto\" style=\"vertical-align: inherit;\"><span dir=\"auto\" style=\"vertical-align: inherit;\"><span dir=\"auto\" style=\"vertical-align: inherit;\"><span dir=\"auto\" style=\"vertical-align: inherit;\">\u00a0Em rela\u00e7\u00e3o aos importadores, h\u00e1 previs\u00e3o de que a fiscaliza\u00e7\u00e3o, ao menos de eletroeletr\u00f4nicos sujeitos a LR, seja colocada na pr\u00e1tica, no sentido de vincular a licen\u00e7a de importa\u00e7\u00e3o com o cumprimento da LR de forma individual ou por meio de uma entidade gestora num sistema coletivo. Cabe lembrar que esse tipo de fiscaliza\u00e7\u00e3o j\u00e1 ocorre com l\u00e2mpadas.<\/span><\/span><\/span><\/span><\/span><\/span><\/p><p><span dir=\"auto\" style=\"vertical-align: inherit;\"><span dir=\"auto\" style=\"vertical-align: inherit;\"><span dir=\"auto\" style=\"vertical-align: inherit;\"><span dir=\"auto\" style=\"vertical-align: inherit;\"><span dir=\"auto\" style=\"vertical-align: inherit;\"><span dir=\"auto\" style=\"vertical-align: inherit;\">\u00a0Mais uma vez reiteramos que \u00e9 prefer\u00edvel participar de sistemas coletivos de LR, uma vez que os custos de operacionaliza\u00e7\u00e3o e divulga\u00e7\u00e3o do sistema s\u00e3o tributados na medida das obriga\u00e7\u00f5es de cada setor e das especificidades de produtos colocados no mercado (importadores, fabricantes e detentores de marcas pr\u00f3prias), e ainda, o envio de relat\u00f3rios de resultados anuais estaduais e federais ficam sob a responsabilidade das entidades gestoras desses sistemas.<\/span><\/span><\/span><\/span><\/span><\/span><\/p><p><span dir=\"auto\" style=\"vertical-align: inherit;\"><span dir=\"auto\" style=\"vertical-align: inherit;\"><span dir=\"auto\" style=\"vertical-align: inherit;\"><span dir=\"auto\" style=\"vertical-align: inherit;\"><span dir=\"auto\" style=\"vertical-align: inherit;\"><span dir=\"auto\" style=\"vertical-align: inherit;\">As propostas citadas nos itens 2 a 4 ser\u00e3o objeto de consulta p\u00fablica, e a assessoria continuar\u00e1 monitorando o tema e informando sobre os prazos para contribui\u00e7\u00f5es.<\/span><\/span><\/span><\/span><\/span><\/span><\/p><p><span dir=\"auto\" style=\"vertical-align: inherit;\"><span dir=\"auto\" style=\"vertical-align: inherit;\"><span dir=\"auto\" style=\"vertical-align: inherit;\"><span dir=\"auto\" style=\"vertical-align: inherit;\"><span dir=\"auto\" style=\"vertical-align: inherit;\"><span dir=\"auto\" style=\"vertical-align: inherit;\">Para o esclarecimento de d\u00favidas sobre a forma de ades\u00e3o aos sistemas coletivos de LR, participa\u00e7\u00e3o na divulga\u00e7\u00e3o ou como PEV e respectivas quest\u00f5es operacionais, solicitamos a gentileza de enviar um e-mail para\u00a0 <\/span><\/span><\/span><\/span><\/span><\/span><a href=\"mailto:logisticareversa@fecomercio.com.br\"><span dir=\"auto\" style=\"vertical-align: inherit;\"><span dir=\"auto\" style=\"vertical-align: inherit;\"><span dir=\"auto\" style=\"vertical-align: inherit;\"><span dir=\"auto\" style=\"vertical-align: inherit;\"><span dir=\"auto\" style=\"vertical-align: inherit;\"><span dir=\"auto\" style=\"vertical-align: inherit;\">logisticareversa@fecomercio.com.br<\/span><\/span><\/span><\/span><\/span><\/span><\/a><span dir=\"auto\" style=\"vertical-align: inherit;\"><span dir=\"auto\" style=\"vertical-align: inherit;\"><span dir=\"auto\" style=\"vertical-align: inherit;\"><span dir=\"auto\" style=\"vertical-align: inherit;\"><span dir=\"auto\" style=\"vertical-align: inherit;\"><span dir=\"auto\" style=\"vertical-align: inherit;\"> .<\/span><\/span><\/span><\/span><\/span><\/span><\/p><p><span dir=\"auto\" style=\"vertical-align: inherit;\"><span dir=\"auto\" style=\"vertical-align: inherit;\"><span dir=\"auto\" style=\"vertical-align: inherit;\"><span dir=\"auto\" style=\"vertical-align: inherit;\"><span dir=\"auto\" style=\"vertical-align: inherit;\"><span dir=\"auto\" style=\"vertical-align: inherit;\">Assessoria FecomercioSP.\u00a0<\/span><\/span><\/span><\/span><\/span><\/span><strong style=\"font-size: 14px;\">\u00a0<\/strong><\/p><\/div>\n\t\t\t\t<\/div>\n\t\t\t\t<\/div>\n\t\t\t\t\t\t<\/div>\n\t\t\t\t\t<\/div>\n\t\t<\/div>\n\t\t\t\t\t\t\t\t<\/div>\n\t\t\t\t\t<\/div>\n\t\t<\/section>\n\t\t\t\t\t\t<\/div>\n\t\t\t\t\t\t<\/div>\n\t\t\t\t\t<\/div>\n\t\t","protected":false},"excerpt":{"rendered":"<p>Informamos que o com\u00e9rcio deve estar atento \u00e0s mudan\u00e7as nas regras da log\u00edstica reversa (LR), em raz\u00e3o das recentes altera\u00e7\u00f5es normativas propostas pelo Minist\u00e9rio do Meio Ambiente e Mudan\u00e7a do Clima &#8211; MMA, especialmente no que tange \u00e0 participa\u00e7\u00e3o do com\u00e9rcio \u00e0 dist\u00e2ncia ou e-commerce, vejamos: Decreto n\u00ba 12.688\/2025 \u2013 institui a LR de embalagens [&hellip;]<\/p>\n","protected":false},"author":2,"featured_media":0,"comment_status":"closed","ping_status":"open","sticky":false,"template":"","format":"standard","meta":{"footnotes":""},"categories":[38,1],"tags":[],"class_list":["post-3859","post","type-post","status-publish","format-standard","hentry","category-noticias","category-sem-categoria","entry"],"_links":{"self":[{"href":"https:\/\/sincomercioata.com.br\/index.php\/wp-json\/wp\/v2\/posts\/3859","targetHints":{"allow":["GET"]}}],"collection":[{"href":"https:\/\/sincomercioata.com.br\/index.php\/wp-json\/wp\/v2\/posts"}],"about":[{"href":"https:\/\/sincomercioata.com.br\/index.php\/wp-json\/wp\/v2\/types\/post"}],"author":[{"embeddable":true,"href":"https:\/\/sincomercioata.com.br\/index.php\/wp-json\/wp\/v2\/users\/2"}],"replies":[{"embeddable":true,"href":"https:\/\/sincomercioata.com.br\/index.php\/wp-json\/wp\/v2\/comments?post=3859"}],"version-history":[{"count":4,"href":"https:\/\/sincomercioata.com.br\/index.php\/wp-json\/wp\/v2\/posts\/3859\/revisions"}],"predecessor-version":[{"id":3863,"href":"https:\/\/sincomercioata.com.br\/index.php\/wp-json\/wp\/v2\/posts\/3859\/revisions\/3863"}],"wp:attachment":[{"href":"https:\/\/sincomercioata.com.br\/index.php\/wp-json\/wp\/v2\/media?parent=3859"}],"wp:term":[{"taxonomy":"category","embeddable":true,"href":"https:\/\/sincomercioata.com.br\/index.php\/wp-json\/wp\/v2\/categories?post=3859"},{"taxonomy":"post_tag","embeddable":true,"href":"https:\/\/sincomercioata.com.br\/index.php\/wp-json\/wp\/v2\/tags?post=3859"}],"curies":[{"name":"wp","href":"https:\/\/api.w.org\/{rel}","templated":true}]}}