{"id":2037,"date":"2022-07-29T15:51:28","date_gmt":"2022-07-29T18:51:28","guid":{"rendered":"https:\/\/sincomercioata.com.br\/?p=2037"},"modified":"2022-07-29T15:56:29","modified_gmt":"2022-07-29T18:56:29","slug":"2037","status":"publish","type":"post","link":"https:\/\/sincomercioata.com.br\/index.php\/2022\/07\/29\/2037\/","title":{"rendered":"EDITAL DE CONVOCA\u00c7\u00c3O PARA ASSEMBLEIA GERAL"},"content":{"rendered":"\t\t<div data-elementor-type=\"wp-post\" data-elementor-id=\"2037\" class=\"elementor elementor-2037\" data-elementor-settings=\"[]\">\n\t\t\t\t\t\t<div class=\"elementor-inner\">\n\t\t\t\t\t\t\t<div class=\"elementor-section-wrap\">\n\t\t\t\t\t\t\t<section class=\"elementor-section elementor-top-section elementor-element elementor-element-54a4d993 elementor-section-boxed elementor-section-height-default elementor-section-height-default\" data-id=\"54a4d993\" data-element_type=\"section\">\n\t\t\t\t\t\t<div class=\"elementor-container elementor-column-gap-default\">\n\t\t\t\t\t\t\t<div class=\"elementor-row\">\n\t\t\t\t\t<div class=\"elementor-column elementor-col-100 elementor-top-column elementor-element elementor-element-2f4d6705\" data-id=\"2f4d6705\" data-element_type=\"column\">\n\t\t\t<div class=\"elementor-column-wrap elementor-element-populated\">\n\t\t\t\t\t\t\t<div class=\"elementor-widget-wrap\">\n\t\t\t\t\t\t<div class=\"elementor-element elementor-element-65694ab5 elementor-widget elementor-widget-text-editor\" data-id=\"65694ab5\" data-element_type=\"widget\" data-widget_type=\"text-editor.default\">\n\t\t\t\t<div class=\"elementor-widget-container\">\n\t\t\t\t\t<div class=\"elementor-text-editor elementor-clearfix\"><!-- wp:paragraph -->\n<p><strong>EDITAL DE CONVOCA\u00c7\u00c3O PARA ASSEMBLEIA GERAL<\/strong><\/p>\n<!-- \/wp:paragraph -->\n\n<!-- wp:paragraph -->\n<p>Edital \u00danico: o Presidente do Sindicato do Com\u00e9rcio Varejista de Ara\u00e7atuba e Regi\u00e3o (SINCOMERCIO), no uso das atribui\u00e7\u00f5es que lhe s\u00e3o conferidas pelo estatuto, convoca todos os integrantes da categoria econ\u00f4mica por ela representada nos munic\u00edpios de Ara\u00e7atuba, Auriflama, Guzol\u00e2ndia, Magda, Turi\u00faba, Guara\u00e7a\u00ed, Itapura, Pereira Barreto, Sud Menucci, Ilha Solteira, Santo Ant\u00f4nio do Aracangu\u00e1, Nova Luzit\u00e2nia e Suzan\u00e1polis,&nbsp; para participarem da Assembleia Geral Extraordin\u00e1ria a ser realizada no dia 05 de agosto de 2022, \u00e0s 16h,&nbsp; em sua sede&nbsp; na Rua Tupinamb\u00e1s n\u00ba 310, na cidade de Ara\u00e7atuba, a fim de deliberarem sobre a seguinte ordem do dia: 1) Autoriza\u00e7\u00e3o e outorga de poderes para Negocia\u00e7\u00e3o coletiva com entidades representativas da categoria profissional dos comerci\u00e1rios em toda base representada por este sindicato na respectiva data-base; 2) Autoriza\u00e7\u00e3o e outorga de poderes para Negocia\u00e7\u00e3o Coletiva com os sindicatos&nbsp; representativos das categorias profissionais diferenciadas, nas respectivas datas-bases; 3) Autoriza\u00e7\u00e3o e outorga de poderes para Negocia\u00e7\u00e3o Coletiva com as entidade representativa da categoria profissional dos empregados em entidades sindicais do com\u00e9rcio; 4) Autoriza\u00e7\u00e3o e outorga de poderes para Negocia\u00e7\u00e3o Coletiva com a categoria profissional diferenciada dos motoristas do com\u00e9rcio em toda base representada por este sindicato na respectiva data-base; 5) Discuss\u00e3o e aprova\u00e7\u00e3o da contribui\u00e7\u00e3o assistencial e ou taxa de servi\u00e7os; 6) Discuss\u00e3o e aprova\u00e7\u00e3o do funcionamento do com\u00e9rcio varejista em geral nas datas especiais e feriados; 7) Autoriza\u00e7\u00e3o e outorga de poderes ao Presidente da entidade para negociar junto \u00e0s entidades representativas das respectivas categorias profissionais, firmar conven\u00e7\u00e3o coletiva de trabalho e ou, para nomear procuradores, para acompanhamento do processo at\u00e9 discuss\u00e3o final; 8) Outros assuntos de interesse da entidade. N\u00e3o havendo na hora acima indicada, n\u00famero legal para a instala\u00e7\u00e3o dos trabalhos em primeira convoca\u00e7\u00e3o, a Assembleia ser\u00e1 realizada uma hora ap\u00f3s, em segunda convoca\u00e7\u00e3o, no mesmo local, com qualquer n\u00famero dos presentes. Ara\u00e7atuba, 26 de julho de 2022. Gener Silva-Presidente<\/p>\n<!-- \/wp:paragraph -->\n\n<!-- wp:paragraph -->\n<p>(Edital publicado no Jornal O Liberal Regional, edi\u00e7\u00e3o de 26\/07\/22)<\/p>\n<!-- \/wp:paragraph -->\n\n<!-- wp:paragraph -->\n<p><strong>ATEN\u00c7\u00c3O:<\/strong> <strong>A<\/strong><strong>s empresas poder\u00e3o enviar representantes autorizados pela mesma, assim como tamb\u00e9m trazer sugest\u00f5es por escrito em papel timbrado, e ou enviar as sugest\u00f5es antecipadamente atrav\u00e9s do e-mail: <a href=\"mailto:sincomercio@sincomercioata.com.br\">sincomercio@sincomercioata.com.br<\/a> &nbsp;a respeito de cl\u00e1usulas da Conven\u00e7\u00e3o Coletiva de Trabalho.&nbsp; A reuni\u00e3o ser\u00e1 presencial em decorr\u00eancia de j\u00e1 haver sido superada as medidas de preven\u00e7\u00e3o \u00e0 pandemia.<\/strong><\/p>\n<!-- \/wp:paragraph --><\/div>\n\t\t\t\t<\/div>\n\t\t\t\t<\/div>\n\t\t\t\t\t\t<\/div>\n\t\t\t\t\t<\/div>\n\t\t<\/div>\n\t\t\t\t\t\t\t\t<\/div>\n\t\t\t\t\t<\/div>\n\t\t<\/section>\n\t\t\t\t\t\t<\/div>\n\t\t\t\t\t\t<\/div>\n\t\t\t\t\t<\/div>\n\t\t","protected":false},"excerpt":{"rendered":"<p>EDITAL DE CONVOCA\u00c7\u00c3O PARA ASSEMBLEIA GERAL Edital \u00danico: o Presidente do Sindicato do Com\u00e9rcio Varejista de Ara\u00e7atuba e Regi\u00e3o (SINCOMERCIO), no uso das atribui\u00e7\u00f5es que lhe s\u00e3o conferidas pelo estatuto, convoca todos os integrantes da categoria econ\u00f4mica por ela representada nos munic\u00edpios de Ara\u00e7atuba, Auriflama, Guzol\u00e2ndia, Magda, Turi\u00faba, Guara\u00e7a\u00ed, Itapura, Pereira Barreto, Sud Menucci, Ilha [&hellip;]<\/p>\n","protected":false},"author":2,"featured_media":0,"comment_status":"closed","ping_status":"open","sticky":false,"template":"","format":"standard","meta":{"footnotes":""},"categories":[38],"tags":[],"class_list":["post-2037","post","type-post","status-publish","format-standard","hentry","category-noticias","entry"],"_links":{"self":[{"href":"https:\/\/sincomercioata.com.br\/index.php\/wp-json\/wp\/v2\/posts\/2037","targetHints":{"allow":["GET"]}}],"collection":[{"href":"https:\/\/sincomercioata.com.br\/index.php\/wp-json\/wp\/v2\/posts"}],"about":[{"href":"https:\/\/sincomercioata.com.br\/index.php\/wp-json\/wp\/v2\/types\/post"}],"author":[{"embeddable":true,"href":"https:\/\/sincomercioata.com.br\/index.php\/wp-json\/wp\/v2\/users\/2"}],"replies":[{"embeddable":true,"href":"https:\/\/sincomercioata.com.br\/index.php\/wp-json\/wp\/v2\/comments?post=2037"}],"version-history":[{"count":4,"href":"https:\/\/sincomercioata.com.br\/index.php\/wp-json\/wp\/v2\/posts\/2037\/revisions"}],"predecessor-version":[{"id":2042,"href":"https:\/\/sincomercioata.com.br\/index.php\/wp-json\/wp\/v2\/posts\/2037\/revisions\/2042"}],"wp:attachment":[{"href":"https:\/\/sincomercioata.com.br\/index.php\/wp-json\/wp\/v2\/media?parent=2037"}],"wp:term":[{"taxonomy":"category","embeddable":true,"href":"https:\/\/sincomercioata.com.br\/index.php\/wp-json\/wp\/v2\/categories?post=2037"},{"taxonomy":"post_tag","embeddable":true,"href":"https:\/\/sincomercioata.com.br\/index.php\/wp-json\/wp\/v2\/tags?post=2037"}],"curies":[{"name":"wp","href":"https:\/\/api.w.org\/{rel}","templated":true}]}}