{"id":1954,"date":"2022-05-04T13:41:37","date_gmt":"2022-05-04T16:41:37","guid":{"rendered":"https:\/\/sincomercioata.com.br\/?p=1954"},"modified":"2022-05-04T14:29:35","modified_gmt":"2022-05-04T17:29:35","slug":"comercio-espera-aumento-nas-vendas-no-dia-das-maes","status":"publish","type":"post","link":"https:\/\/sincomercioata.com.br\/index.php\/2022\/05\/04\/comercio-espera-aumento-nas-vendas-no-dia-das-maes\/","title":{"rendered":"COM\u00c9RCIO ESPERA AUMENTO NAS VENDAS NO DIA DAS M\u00c3ES"},"content":{"rendered":"\t\t<div data-elementor-type=\"wp-post\" data-elementor-id=\"1954\" class=\"elementor elementor-1954\" data-elementor-settings=\"[]\">\n\t\t\t\t\t\t<div class=\"elementor-inner\">\n\t\t\t\t\t\t\t<div class=\"elementor-section-wrap\">\n\t\t\t\t\t\t\t<section class=\"elementor-section elementor-top-section elementor-element elementor-element-5638eed elementor-section-boxed elementor-section-height-default elementor-section-height-default\" data-id=\"5638eed\" data-element_type=\"section\">\n\t\t\t\t\t\t<div class=\"elementor-container elementor-column-gap-default\">\n\t\t\t\t\t\t\t<div class=\"elementor-row\">\n\t\t\t\t\t<div class=\"elementor-column elementor-col-100 elementor-top-column elementor-element elementor-element-6b767de\" data-id=\"6b767de\" data-element_type=\"column\">\n\t\t\t<div class=\"elementor-column-wrap elementor-element-populated\">\n\t\t\t\t\t\t\t<div class=\"elementor-widget-wrap\">\n\t\t\t\t\t\t<div class=\"elementor-element elementor-element-bee3eb0 elementor-widget elementor-widget-text-editor\" data-id=\"bee3eb0\" data-element_type=\"widget\" data-widget_type=\"text-editor.default\">\n\t\t\t\t<div class=\"elementor-widget-container\">\n\t\t\t\t\t<div class=\"elementor-text-editor elementor-clearfix\"><p><span style=\"font-size: 10.0pt;\"><span style=\"vertical-align: inherit;\"><span style=\"vertical-align: inherit;\"><span style=\"vertical-align: inherit;\"><span style=\"vertical-align: inherit;\"><font style=\"vertical-align: inherit;\"><font style=\"vertical-align: inherit;\"><font style=\"vertical-align: inherit;\"><font style=\"vertical-align: inherit;\"><font style=\"vertical-align: inherit;\"><font style=\"vertical-align: inherit;\">As expectativas do com\u00e9rcio s\u00e3o otimistas com rela\u00e7\u00e3o as vendas para o Dia das M\u00e3es, o Sindicato do Com\u00e9rcio Varejista de Ara\u00e7atuba e Regi\u00e3o (SINCOMERCIO) prev\u00ea resultado positivo nos neg\u00f3cios, considerando que \u00e9 a data mais importante do primeiro semestre para o com\u00e9rcio varejista, \u00e9 a segunda data especial para o varejo, ficando atr\u00e1s somente do Natal.<\/font><\/font><\/font><\/font><\/font><\/font><\/span><\/span><\/span><\/span><\/span><\/p>\n<p><span style=\"font-size: 10.0pt;\"><span style=\"vertical-align: inherit;\"><span style=\"vertical-align: inherit;\"><span style=\"vertical-align: inherit;\"><span style=\"vertical-align: inherit;\"><font style=\"vertical-align: inherit;\"><font style=\"vertical-align: inherit;\"><font style=\"vertical-align: inherit;\"><font style=\"vertical-align: inherit;\"><font style=\"vertical-align: inherit;\"><font style=\"vertical-align: inherit;\">Est\u00e3o previstas ofertas especiais, grandes promo\u00e7\u00f5es, facilidades de pagamento entre outras estrat\u00e9gias como a abertura no com\u00e9rcio em hor\u00e1rio noturno, o que garante maior comodidade e tempo aos consumidores irem \u00e0s compras.&nbsp;&nbsp;<\/font><\/font><\/font><\/font><\/font><\/font><\/span><\/span><\/span><span style=\"vertical-align: inherit;\"><span style=\"vertical-align: inherit;\"><span style=\"vertical-align: inherit;\"><font style=\"vertical-align: inherit;\"><font style=\"vertical-align: inherit;\"><font style=\"vertical-align: inherit;\"><font style=\"vertical-align: inherit;\"><font style=\"vertical-align: inherit;\"><font style=\"vertical-align: inherit;\">O Sincom\u00e9rcio informa que na Conven\u00e7\u00e3o Coletiva de Trabalho 2021-2022, os lojistas do com\u00e9rcio poder\u00e3o abrir nos dias 5 e 6 (quinta e sexta-feira) das 9h \u00e0s 22h, e no dia 7 (s\u00e1bado) das 9h \u00e0s 18h. <\/font><\/font><\/font><\/font><\/font><\/font><\/span><\/span><\/span><span style=\"vertical-align: inherit;\"><span style=\"vertical-align: inherit;\"><span style=\"vertical-align: inherit;\"><font style=\"vertical-align: inherit;\"><font style=\"vertical-align: inherit;\"><font style=\"vertical-align: inherit;\"><font style=\"vertical-align: inherit;\"><font style=\"vertical-align: inherit;\"><font style=\"vertical-align: inherit;\">Entretanto, os lojistas do <\/font><\/font><\/font><\/font><\/font><\/font><\/span><\/span><\/span><\/span><span style=\"color: red;\"><span style=\"vertical-align: inherit;\"><span style=\"vertical-align: inherit;\"><span style=\"vertical-align: inherit;\"><span style=\"vertical-align: inherit;\"><font style=\"vertical-align: inherit;\"><font style=\"vertical-align: inherit;\"><font style=\"vertical-align: inherit;\"><font style=\"vertical-align: inherit;\"><font style=\"vertical-align: inherit;\"><font style=\"vertical-align: inherit;\">Cal\u00e7ad\u00e3o abrir\u00e3o somente no dia 06 (sexta-feira), das 9hs \u00e0s 22hs e, no dia 07 (s\u00e1bado), das 9hs \u00e0s 18hs,<\/font><\/font><\/font><\/font><\/font><\/font><\/span><\/span><\/span><\/span><\/span><span style=\"vertical-align: inherit;\"><span style=\"vertical-align: inherit;\"><span style=\"vertical-align: inherit;\"><span style=\"vertical-align: inherit;\"><font style=\"vertical-align: inherit;\"><font style=\"vertical-align: inherit;\"><font style=\"vertical-align: inherit;\"><font style=\"vertical-align: inherit;\"><font style=\"vertical-align: inherit;\"><font style=\"vertical-align: inherit;\"> o que n\u00e3o impede que outros estabelecimentos possam funcionar a partir da quinta-feira em hor\u00e1rio noturno.<\/font><\/font><\/font><\/font><\/font><\/font><\/span><\/span><\/span><\/span><span style=\"color: red;\">&nbsp;<\/span><\/span><\/p>\n<p><span style=\"font-size: 10.0pt;\"><span style=\"vertical-align: inherit;\"><span style=\"vertical-align: inherit;\"><span style=\"vertical-align: inherit;\"><span style=\"vertical-align: inherit;\"><font style=\"vertical-align: inherit;\"><font style=\"vertical-align: inherit;\"><font style=\"vertical-align: inherit;\"><font style=\"vertical-align: inherit;\"><font style=\"vertical-align: inherit;\"><font style=\"vertical-align: inherit;\">O t\u00edquete m\u00e9dio deve girar em torno de R$ 100,00, a estimativa \u00e9 de um aumento nas vendas entre 5% a 25%, dependendo do segmento, considerando que a data tem um forte apelo emocional, dificilmente um filho ou uma filha deixar\u00e1 a sua m\u00e3e sem presentes, o que justifica a boa expectativa<\/font><\/font><\/font><\/font><\/font><\/font><\/span><span style=\"vertical-align: inherit;\"><font style=\"vertical-align: inherit;\"><font style=\"vertical-align: inherit;\"><font style=\"vertical-align: inherit;\"><font style=\"vertical-align: inherit;\"><font style=\"vertical-align: inherit;\"><font style=\"vertical-align: inherit;\">. <\/font><\/font><\/font><\/font><\/font><\/font><\/span><\/span><\/span><span style=\"vertical-align: inherit;\"><span style=\"vertical-align: inherit;\"><span style=\"vertical-align: inherit;\"><font style=\"vertical-align: inherit;\"><font style=\"vertical-align: inherit;\"><font style=\"vertical-align: inherit;\"><font style=\"vertical-align: inherit;\"><font style=\"vertical-align: inherit;\"><font style=\"vertical-align: inherit;\">Os itens mais procurados dever\u00e3o ser dos setores de confec\u00e7\u00f5es, cal\u00e7ados, perfumaria e cosm\u00e9ticos, joalheria e bijouterias, \u00f3tica e flores. <\/font><\/font><\/font><\/font><\/font><\/font><\/span><\/span><\/span><span style=\"vertical-align: inherit;\"><span style=\"vertical-align: inherit;\"><span style=\"vertical-align: inherit;\"><font style=\"vertical-align: inherit;\"><font style=\"vertical-align: inherit;\"><font style=\"vertical-align: inherit;\"><font style=\"vertical-align: inherit;\"><font style=\"vertical-align: inherit;\"><font style=\"vertical-align: inherit;\">Por\u00e9m, salientamos que outros setores como eletrodom\u00e9sticos, eletr\u00f4nicos e os m\u00f3veis tamb\u00e9m dever\u00e3o ser procurados, esperamos uma movimenta\u00e7\u00e3o mais intensas de consumidores nesse per\u00edodo, afirma Gener Silva presidente do Sincom\u00e9rcio.<\/font><\/font><\/font><\/font><\/font><\/font><\/span><\/span><\/span><\/span><\/span><\/p><\/div>\n\t\t\t\t<\/div>\n\t\t\t\t<\/div>\n\t\t\t\t\t\t<\/div>\n\t\t\t\t\t<\/div>\n\t\t<\/div>\n\t\t\t\t\t\t\t\t<\/div>\n\t\t\t\t\t<\/div>\n\t\t<\/section>\n\t\t\t\t\t\t<\/div>\n\t\t\t\t\t\t<\/div>\n\t\t\t\t\t<\/div>\n\t\t","protected":false},"excerpt":{"rendered":"<p>As expectativas do com\u00e9rcio s\u00e3o otimistas com rela\u00e7\u00e3o as vendas para o Dia das M\u00e3es, o Sindicato do Com\u00e9rcio Varejista de Ara\u00e7atuba e Regi\u00e3o (SINCOMERCIO) prev\u00ea resultado positivo nos neg\u00f3cios, considerando que \u00e9 a data mais importante do primeiro semestre para o com\u00e9rcio varejista, \u00e9 a segunda data especial para o varejo, ficando atr\u00e1s somente [&hellip;]<\/p>\n","protected":false},"author":3,"featured_media":0,"comment_status":"closed","ping_status":"open","sticky":false,"template":"","format":"standard","meta":{"footnotes":""},"categories":[38,1],"tags":[],"class_list":["post-1954","post","type-post","status-publish","format-standard","hentry","category-noticias","category-sem-categoria","entry"],"_links":{"self":[{"href":"https:\/\/sincomercioata.com.br\/index.php\/wp-json\/wp\/v2\/posts\/1954","targetHints":{"allow":["GET"]}}],"collection":[{"href":"https:\/\/sincomercioata.com.br\/index.php\/wp-json\/wp\/v2\/posts"}],"about":[{"href":"https:\/\/sincomercioata.com.br\/index.php\/wp-json\/wp\/v2\/types\/post"}],"author":[{"embeddable":true,"href":"https:\/\/sincomercioata.com.br\/index.php\/wp-json\/wp\/v2\/users\/3"}],"replies":[{"embeddable":true,"href":"https:\/\/sincomercioata.com.br\/index.php\/wp-json\/wp\/v2\/comments?post=1954"}],"version-history":[{"count":14,"href":"https:\/\/sincomercioata.com.br\/index.php\/wp-json\/wp\/v2\/posts\/1954\/revisions"}],"predecessor-version":[{"id":1969,"href":"https:\/\/sincomercioata.com.br\/index.php\/wp-json\/wp\/v2\/posts\/1954\/revisions\/1969"}],"wp:attachment":[{"href":"https:\/\/sincomercioata.com.br\/index.php\/wp-json\/wp\/v2\/media?parent=1954"}],"wp:term":[{"taxonomy":"category","embeddable":true,"href":"https:\/\/sincomercioata.com.br\/index.php\/wp-json\/wp\/v2\/categories?post=1954"},{"taxonomy":"post_tag","embeddable":true,"href":"https:\/\/sincomercioata.com.br\/index.php\/wp-json\/wp\/v2\/tags?post=1954"}],"curies":[{"name":"wp","href":"https:\/\/api.w.org\/{rel}","templated":true}]}}