{"id":1844,"date":"2022-01-19T14:38:21","date_gmt":"2022-01-19T17:38:21","guid":{"rendered":"https:\/\/sincomercioata.com.br\/?p=1844"},"modified":"2022-01-19T15:00:10","modified_gmt":"2022-01-19T18:00:10","slug":"regime-especial-de-piso-salarial-repis","status":"publish","type":"post","link":"https:\/\/sincomercioata.com.br\/index.php\/2022\/01\/19\/regime-especial-de-piso-salarial-repis\/","title":{"rendered":"REGIME ESPECIAL DE PISO SALARIAL &#8211; REPIS"},"content":{"rendered":"\n<p><strong>O Sincom\u00e9rcio e o Sincomerci\u00e1rios esclarecem d\u00favidas sobre sistema do Regime Especial de Piso Salarial REPIS 2021-2022, especial para as micro e pequenas empresas e, <u>lembra que \u00e9 anual, e deve ser requerido obrigatoriamente todo ano.<\/u><\/strong><\/p>\n\n\n\n<p><strong>&nbsp;&nbsp;&nbsp;&nbsp;&nbsp;&nbsp; O que \u00e9 ? <\/strong>O REPIS, Regime Especial de Piso Salarial, \u00e9 o sistema previsto em norma coletiva de trabalho (cl\u00e1usula 6\u00aa da Conven\u00e7\u00e3o Coletiva aplic\u00e1vel aos comerci\u00e1rios), objetivando dar tratamento diferenciado e favorecido \u00e0s Microempresas (MEs) e \u00e0s Empresas de Pequeno Porte (EPPs), assim conceituadas na lei Complementar n\u00ba 123\/06, que instituiu o Simples Nacional.<\/p>\n\n\n\n<p><strong>&nbsp;&nbsp;&nbsp;&nbsp;&nbsp;&nbsp;&nbsp; Como funciona ? <\/strong>Na pr\u00e1tica, as empresas que aderirem ao REPIS, poder\u00e3o praticar valores de pisos salariais diferenciados, nesse caso, inferiores \u00e0queles praticados pelas demais empresas, n\u00e3o enquadradas na Lei do Simples.<\/p>\n\n\n\n<p>&nbsp;&nbsp;&nbsp;&nbsp;&nbsp;&nbsp; <strong>\u201cAs empresas para se beneficiarem dos pisos salariais diferenciados dever\u00e3o anualmente fazer a ades\u00e3o e ou a renova\u00e7\u00e3o&nbsp; ao REPIS.\u2019\u2019<\/strong><\/p>\n\n\n\n<p><strong>&nbsp;&nbsp;&nbsp;&nbsp;&nbsp;&nbsp;&nbsp; A Ades\u00e3o ou Renova\u00e7\u00e3o \u00e9 ANUAL: <\/strong>Para aderir ou renovar a ades\u00e3o ao REPIS, obrigatoriamente deve ser expressa, as empresas dever\u00e3o encaminhar pedido ao Sindicato Patronal (SINCOM\u00c9RCIO), requerendo a expedi\u00e7\u00e3o do Certificado de Ades\u00e3o ao REPIS, conforme modelo expedido pelo sindicato. O requerimento dever\u00e1 ser assinado pelo s\u00f3cio e ou titular da empresa e pelo contador respons\u00e1vel. (obs.: n\u00e3o h\u00e1 necessidade de anexar fotoc\u00f3pias dos documentos legais da empresa). <strong><u>As empresas dever\u00e3o fazer a ades\u00e3o \/ renova\u00e7\u00e3o ao Regime Especial de Piso Salarial \u2013 REPIS anualmente.<\/u><\/strong> Empres\u00e1rio, solicite ao seu contador para que fa\u00e7a a ades\u00e3o da sua empresa o mais breve poss\u00edvel.<\/p>\n\n\n\n<p><strong>ATEN\u00c7\u00c3O! REDU\u00c7\u00c3O DO CUSTO NA FOLHA DE PAGAMENTO COM SAL\u00c1RIOS DIFERENCIADOS PARA AS MICRO E PEQUENAS EMPRESAS<\/strong><\/p>\n\n\n\n<p>O resultado do grande empenho e dedica\u00e7\u00e3o, revelam as conquistas que o Sindicato do Com\u00e9rcio Varejista de Ara\u00e7atuba e Regi\u00e3o vem conseguindo&nbsp; anualmente em favor das empresas representadas, a exemplo disso, destacamos a&nbsp; Conven\u00e7\u00e3o Coletiva de Trabalho 2021\/2022. Na sua cl\u00e1usula 6\u00aa, foi estipulado o <strong><u>Regime Especial de Pisos Salariais &#8211; REPIS<\/u><\/strong>&nbsp;&nbsp; que beneficia as Microempresas (ME), as Empresas de Pequeno Porte (EPP), assim conceituadas na Lei Complementar n\u00ba 123\/06,&nbsp; <strong><u>com um diferencial nos pisos salariais<\/u>. <\/strong>As empresas quando aderem ao REPIS <strong><u>podem praticar valores de pisos salariais diferenciados (menor),<\/u><\/strong> nesse caso, inferiores aqueles praticados pelas demais empresas, proporcionando uma diminui\u00e7\u00e3o significativa dos custos com a folha de pagamento, conforme pode ser observado nos quadros comparativos abaixo.<\/p>\n\n\n\n<p>&nbsp;&nbsp;&nbsp;&nbsp;&nbsp; Apresentamos como exemplo o sal\u00e1rio de ingresso para Microempresas, <strong><u>comparado com o sal\u00e1rio de empregado em geral praticados pelas demais empresas<\/u><\/strong>. No quadro abaixo, mostra a compara\u00e7\u00e3o do&nbsp; valor do sal\u00e1rio pago em um ano por uma empresa que <strong>aderiu ao REPIS <\/strong>e a&nbsp; outra que <strong>n\u00e3o aderiu <\/strong>ao REPIS.<\/p>\n\n\n\n<figure class=\"wp-block-gallery columns-1 is-cropped wp-block-gallery-1 is-layout-flex wp-block-gallery-is-layout-flex\"><ul class=\"blocks-gallery-grid\"><li class=\"blocks-gallery-item\"><figure><img loading=\"lazy\" decoding=\"async\" width=\"618\" height=\"237\" src=\"https:\/\/sincomercioata.com.br\/wp-content\/uploads\/2022\/01\/Captura-de-tela-2022-01-19-143227-2.png\" alt=\"\" data-id=\"1848\" data-full-url=\"https:\/\/sincomercioata.com.br\/wp-content\/uploads\/2022\/01\/Captura-de-tela-2022-01-19-143227-2.png\" data-link=\"https:\/\/sincomercioata.com.br\/?attachment_id=1848\" class=\"wp-image-1848\" srcset=\"https:\/\/sincomercioata.com.br\/wp-content\/uploads\/2022\/01\/Captura-de-tela-2022-01-19-143227-2.png 618w, https:\/\/sincomercioata.com.br\/wp-content\/uploads\/2022\/01\/Captura-de-tela-2022-01-19-143227-2-300x115.png 300w\" sizes=\"auto, (max-width: 618px) 100vw, 618px\" \/><\/figure><\/li><\/ul><\/figure>\n\n\n\n<p>No quadro abaixo apresentamos como exemplo o sal\u00e1rio de ingresso para Empresas de Pequeno Porte EPP <strong><u>comparado com o sal\u00e1rio de empregado em geral, praticados pelas demais empresas:<\/u><\/strong><\/p>\n\n\n\n<figure class=\"wp-block-gallery columns-1 is-cropped wp-block-gallery-2 is-layout-flex wp-block-gallery-is-layout-flex\"><ul class=\"blocks-gallery-grid\"><li class=\"blocks-gallery-item\"><figure><img loading=\"lazy\" decoding=\"async\" width=\"637\" height=\"257\" src=\"https:\/\/sincomercioata.com.br\/wp-content\/uploads\/2022\/01\/Captura-de-tela-2022-01-19-143513.png\" alt=\"\" data-id=\"1847\" data-full-url=\"https:\/\/sincomercioata.com.br\/wp-content\/uploads\/2022\/01\/Captura-de-tela-2022-01-19-143513.png\" data-link=\"https:\/\/sincomercioata.com.br\/?attachment_id=1847\" class=\"wp-image-1847\" srcset=\"https:\/\/sincomercioata.com.br\/wp-content\/uploads\/2022\/01\/Captura-de-tela-2022-01-19-143513.png 637w, https:\/\/sincomercioata.com.br\/wp-content\/uploads\/2022\/01\/Captura-de-tela-2022-01-19-143513-300x121.png 300w\" sizes=\"auto, (max-width: 637px) 100vw, 637px\" \/><\/figure><\/li><\/ul><\/figure>\n\n\n\n<p>Como pode-se verificar, as ME e as EPP usufruem de grande vantagem quando aderem ao REPIS,&nbsp; com sal\u00e1rios diferenciados conforme exemplificados nos quadros acima. Destacamos que a diferen\u00e7a anual por funcion\u00e1rio, em rela\u00e7\u00e3o aos pisos praticados pelas demais empresas \u00e9 muito significativa.&nbsp;<\/p>\n\n\n\n<p>Observe nos quadros comparativos que as empresas que aderem ao REPIS usufruem de vantagens econ\u00f4micas com sal\u00e1rios diferenciados com n\u00edtida e significativa redu\u00e7\u00e3o dos custos operacionais para as empresas, isso sem considerar os encargos trabalhistas e sociais.<\/p>\n\n\n\n<p><strong>ATEN\u00c7\u00c3O: OS PISOS DIFERENCIADOS S\u00d3 PODER\u00c3O SER PRATICADOS SOMENTE PELAS MICRO EMPRESAS (ME) E PELAS EMPRESAS DE PEQUENO PORTE (EPP) QUE TENHAM <u>ADERIDO AO REPIS ANUALMENTE, E OBTIVERAM O CERTIFICADO DE ADES\u00c3O AO REPIS<\/u>.<\/strong><\/p>\n\n\n\n<p>Para praticarem os pisos sal\u00e1rios previstos nesta cl\u00e1usula&nbsp; <strong><u>as empresas dever\u00e3o aderir ao REPIS<\/u><\/strong> atrav\u00e9s de requerimento, e receber\u00e3o o CERTIFICADO DE ADES\u00c3O AO REPIS (Atestado Sindical)&nbsp; expedido pelos&nbsp; Sindicatos patronal e profissional, que facultar\u00e1 as empresas, a partir de 01\/09\/2021 at\u00e9 31\/08\/2022, praticarem os sal\u00e1rios normativos acima especificados.<\/p>\n\n\n\n<p>Obs.: O piso salarial de ingresso ser\u00e1 devido aos novos contratados pelo prazo de seis meses a partir da contrata\u00e7\u00e3o, findo o qual esses empregados passar\u00e3o a se enquadrar nas fun\u00e7\u00f5es de n\u00edvel salarial superior, conforme o disposto na cl\u00e1usula 6\u00aa da Conven\u00e7\u00e3o Coletiva de Trabalho.<\/p>\n\n\n\n<p>&nbsp;<strong>&nbsp;&nbsp;&nbsp;&nbsp;&nbsp;&nbsp;&nbsp;&nbsp;&nbsp;&nbsp;&nbsp;&nbsp;&nbsp;&nbsp;&nbsp;&nbsp;&nbsp;&nbsp;&nbsp;&nbsp;&nbsp;&nbsp;&nbsp;&nbsp;&nbsp;&nbsp;&nbsp;&nbsp;&nbsp;&nbsp;&nbsp;&nbsp; <u>ATEN\u00c7\u00c3O PASSIVO TRABALHISTA<\/u><\/strong><\/p>\n\n\n\n<p>Se a empresa n\u00e3o aderir ao REPIS, mas praticar os pisos diferenciados, CUIDADO!: ao final do contrato, o funcion\u00e1rio ter\u00e1 direito por lei, a receber as diferen\u00e7as salariais, e a empresa ter\u00e1 ainda, que recolher as diferen\u00e7as dos encargos trabalhistas e sociais.<\/p>\n\n\n\n<p>O Certificado de Ades\u00e3o ao REPIS, servir\u00e1 de prova ao empregador, para fins de homologa\u00e7\u00e3o de rescis\u00e3o de contrato de trabalho e, para comprova\u00e7\u00e3o perante a Justi\u00e7a Federal do Trabalho, do direito ao pagamento dos pisos salariais previstos na cl\u00e1usula 6\u00aa da Conven\u00e7\u00e3o Coletiva de Trabalho.<\/p>\n\n\n\n<p>Gener Silva &#8211; Presidente do Sincom\u00e9rcio \u00a0<\/p>\n\n\n\n<p>Jos\u00e9 Carlos dos Santos &#8211; Presidente do Sincomerci\u00e1rios\u00a0\u00a0\u00a0\u00a0\u00a0\u00a0\u00a0\u00a0\u00a0\u00a0\u00a0\u00a0\u00a0\u00a0\u00a0\u00a0\u00a0\u00a0\u00a0\u00a0\u00a0\u00a0\u00a0\u00a0\u00a0\u00a0\u00a0\u00a0\u00a0\u00a0\u00a0\u00a0\u00a0\u00a0\u00a0\u00a0\u00a0\u00a0\u00a0\u00a0\u00a0\u00a0\u00a0\u00a0 <\/p>\n\n\n\n<p><\/p>\n","protected":false},"excerpt":{"rendered":"<p>O Sincom\u00e9rcio e o Sincomerci\u00e1rios esclarecem d\u00favidas sobre sistema do Regime Especial de Piso Salarial REPIS 2021-2022, especial para as micro e pequenas empresas e, lembra que \u00e9 anual, e deve ser requerido obrigatoriamente todo ano. &nbsp;&nbsp;&nbsp;&nbsp;&nbsp;&nbsp; O que \u00e9 ? O REPIS, Regime Especial de Piso Salarial, \u00e9 o sistema previsto em norma coletiva [&hellip;]<\/p>\n","protected":false},"author":3,"featured_media":0,"comment_status":"closed","ping_status":"open","sticky":false,"template":"","format":"standard","meta":{"footnotes":""},"categories":[38,1],"tags":[],"class_list":["post-1844","post","type-post","status-publish","format-standard","hentry","category-noticias","category-sem-categoria","entry"],"_links":{"self":[{"href":"https:\/\/sincomercioata.com.br\/index.php\/wp-json\/wp\/v2\/posts\/1844","targetHints":{"allow":["GET"]}}],"collection":[{"href":"https:\/\/sincomercioata.com.br\/index.php\/wp-json\/wp\/v2\/posts"}],"about":[{"href":"https:\/\/sincomercioata.com.br\/index.php\/wp-json\/wp\/v2\/types\/post"}],"author":[{"embeddable":true,"href":"https:\/\/sincomercioata.com.br\/index.php\/wp-json\/wp\/v2\/users\/3"}],"replies":[{"embeddable":true,"href":"https:\/\/sincomercioata.com.br\/index.php\/wp-json\/wp\/v2\/comments?post=1844"}],"version-history":[{"count":7,"href":"https:\/\/sincomercioata.com.br\/index.php\/wp-json\/wp\/v2\/posts\/1844\/revisions"}],"predecessor-version":[{"id":1861,"href":"https:\/\/sincomercioata.com.br\/index.php\/wp-json\/wp\/v2\/posts\/1844\/revisions\/1861"}],"wp:attachment":[{"href":"https:\/\/sincomercioata.com.br\/index.php\/wp-json\/wp\/v2\/media?parent=1844"}],"wp:term":[{"taxonomy":"category","embeddable":true,"href":"https:\/\/sincomercioata.com.br\/index.php\/wp-json\/wp\/v2\/categories?post=1844"},{"taxonomy":"post_tag","embeddable":true,"href":"https:\/\/sincomercioata.com.br\/index.php\/wp-json\/wp\/v2\/tags?post=1844"}],"curies":[{"name":"wp","href":"https:\/\/api.w.org\/{rel}","templated":true}]}}