{"id":1690,"date":"2021-09-01T09:27:21","date_gmt":"2021-09-01T12:27:21","guid":{"rendered":"https:\/\/sincomercioata.com.br\/?p=1690"},"modified":"2021-09-01T09:27:22","modified_gmt":"2021-09-01T12:27:22","slug":"esteja-em-conformidade-com-a-lgpd-participe-de-evento-da-fecomerciosp-e-evite-as-sancoes","status":"publish","type":"post","link":"https:\/\/sincomercioata.com.br\/index.php\/2021\/09\/01\/esteja-em-conformidade-com-a-lgpd-participe-de-evento-da-fecomerciosp-e-evite-as-sancoes\/","title":{"rendered":"ESTEJA EM CONFORMIDADE COM A LGPD: PARTICIPE DE EVENTO DA FECOMERCIOSP E EVITE AS SAN\u00c7\u00d5ES"},"content":{"rendered":"\n<p><strong>Federa\u00e7\u00e3o realiza, em 9 de setembro, evento para detalhar a \u201cli\u00e7\u00e3o de casa\u201d das empresas que querem se prevenir dos riscos em rela\u00e7\u00e3o \u00e0 prote\u00e7\u00e3o de dados<\/strong><\/p>\n\n\n\n<p>No pr\u00f3ximo dia 9 de setembro, a partir das 8h30, o Comit\u00ea Prote\u00e7\u00e3o de Dados, \u00d3rg\u00e3o de estudos e trabalhos vinculado ao Conselho de Economia Digital e Inova\u00e7\u00e3o da Federa\u00e7\u00e3o do Com\u00e9rcio de Bens, Servi\u00e7os e Turismo do Estado de S\u00e3o Paulo \u2013 FECOMERCIO SP, e a Opice Blum Academy promover\u00e3o o webin\u00e1rio <em>LGPD: como adequar a sua empresa e evitar san\u00e7\u00f5es,<\/em> com inscri\u00e7\u00e3o pelo <em>link<\/em> <a href=\"https:\/\/representa.fecomercio.com.br\/webinario-lgpd-sancoes\">https:\/\/representa.fecomercio.com.br\/webinario-lgpd-sancoes<\/a>.<\/p>\n\n\n\n<p>Na oportunidade, autoridades, renomados juristas e profissionais que atuam em \u00e1reas cujas atividades est\u00e3o estreitamente ligadas \u00e0 Lei Geral de Prote\u00e7\u00e3o de Dados Pessoais \u2013 LGPD debater\u00e3o sobre a referida norma, com os objetivos conscientizar as companhias sobre o processo de implanta\u00e7\u00e3o da legisla\u00e7\u00e3o em suas rotinas, orientando-as a respeito das adequa\u00e7\u00f5es necess\u00e1rias e das san\u00e7\u00f5es \u00e0s quais est\u00e3o expostas em caso do descumprimento dos termos da aludida Lei.<\/p>\n","protected":false},"excerpt":{"rendered":"<p>Federa\u00e7\u00e3o realiza, em 9 de setembro, evento para detalhar a \u201cli\u00e7\u00e3o de casa\u201d das empresas que querem se prevenir dos riscos em rela\u00e7\u00e3o \u00e0 prote\u00e7\u00e3o de dados No pr\u00f3ximo dia 9 de setembro, a partir das 8h30, o Comit\u00ea Prote\u00e7\u00e3o de Dados, \u00d3rg\u00e3o de estudos e trabalhos vinculado ao Conselho de Economia Digital e Inova\u00e7\u00e3o [&hellip;]<\/p>\n","protected":false},"author":2,"featured_media":0,"comment_status":"closed","ping_status":"open","sticky":false,"template":"","format":"standard","meta":{"footnotes":""},"categories":[38],"tags":[],"class_list":["post-1690","post","type-post","status-publish","format-standard","hentry","category-noticias","entry"],"_links":{"self":[{"href":"https:\/\/sincomercioata.com.br\/index.php\/wp-json\/wp\/v2\/posts\/1690","targetHints":{"allow":["GET"]}}],"collection":[{"href":"https:\/\/sincomercioata.com.br\/index.php\/wp-json\/wp\/v2\/posts"}],"about":[{"href":"https:\/\/sincomercioata.com.br\/index.php\/wp-json\/wp\/v2\/types\/post"}],"author":[{"embeddable":true,"href":"https:\/\/sincomercioata.com.br\/index.php\/wp-json\/wp\/v2\/users\/2"}],"replies":[{"embeddable":true,"href":"https:\/\/sincomercioata.com.br\/index.php\/wp-json\/wp\/v2\/comments?post=1690"}],"version-history":[{"count":1,"href":"https:\/\/sincomercioata.com.br\/index.php\/wp-json\/wp\/v2\/posts\/1690\/revisions"}],"predecessor-version":[{"id":1691,"href":"https:\/\/sincomercioata.com.br\/index.php\/wp-json\/wp\/v2\/posts\/1690\/revisions\/1691"}],"wp:attachment":[{"href":"https:\/\/sincomercioata.com.br\/index.php\/wp-json\/wp\/v2\/media?parent=1690"}],"wp:term":[{"taxonomy":"category","embeddable":true,"href":"https:\/\/sincomercioata.com.br\/index.php\/wp-json\/wp\/v2\/categories?post=1690"},{"taxonomy":"post_tag","embeddable":true,"href":"https:\/\/sincomercioata.com.br\/index.php\/wp-json\/wp\/v2\/tags?post=1690"}],"curies":[{"name":"wp","href":"https:\/\/api.w.org\/{rel}","templated":true}]}}