{"id":1670,"date":"2021-07-26T09:38:05","date_gmt":"2021-07-26T12:38:05","guid":{"rendered":"https:\/\/sincomercioata.com.br\/?p=1670"},"modified":"2021-07-26T09:38:07","modified_gmt":"2021-07-26T12:38:07","slug":"sindicato-e-vereadores-discutem-criacao-de-cartilha-de-cuidados-para-o-comercio-durante-a-pandemia","status":"publish","type":"post","link":"https:\/\/sincomercioata.com.br\/index.php\/2021\/07\/26\/sindicato-e-vereadores-discutem-criacao-de-cartilha-de-cuidados-para-o-comercio-durante-a-pandemia\/","title":{"rendered":"SINDICATO E VEREADORES DISCUTEM CRIA\u00c7\u00c3O DE CARTILHA DE CUIDADOS PARA O COM\u00c9RCIO DURANTE A PANDEMIA"},"content":{"rendered":"\n<p>Com as lojas do com\u00e9rcio funcionando em hor\u00e1rio normal, das 9h \u00e0s 18h de segunda \u00e0 sexta, e das 9h \u00e0s 14h\/16h aos s\u00e1bados, por\u00e9m com restri\u00e7\u00e3o de 60% do p\u00fablico, durante a pandemia, al\u00e9m da preocupa\u00e7\u00e3o com a recupera\u00e7\u00e3o da economia, tamb\u00e9m h\u00e1 um cuidado especial para a manuten\u00e7\u00e3o dos n\u00fameros da covid-19 em baixa em Ara\u00e7atuba. Veja mais: <a href=\"https:\/\/lr1.com.br\/cidades\/aracatuba\/sindicato-e-vereadores-discutem-criacao-de-cartilha-de-cuidados-para-o-comercio-durante-a-pandemia\/\">https:\/\/lr1.com.br\/cidades\/aracatuba\/sindicato-e-vereadores-discutem-criacao-de-cartilha-de-cuidados-para-o-comercio-durante-a-pandemia\/<\/a><\/p>\n","protected":false},"excerpt":{"rendered":"<p>Com as lojas do com\u00e9rcio funcionando em hor\u00e1rio normal, das 9h \u00e0s 18h de segunda \u00e0 sexta, e das 9h \u00e0s 14h\/16h aos s\u00e1bados, por\u00e9m com restri\u00e7\u00e3o de 60% do p\u00fablico, durante a pandemia, al\u00e9m da preocupa\u00e7\u00e3o com a recupera\u00e7\u00e3o da economia, tamb\u00e9m h\u00e1 um cuidado especial para a manuten\u00e7\u00e3o dos n\u00fameros da covid-19 em [&hellip;]<\/p>\n","protected":false},"author":2,"featured_media":0,"comment_status":"closed","ping_status":"open","sticky":false,"template":"","format":"standard","meta":{"footnotes":""},"categories":[38],"tags":[],"class_list":["post-1670","post","type-post","status-publish","format-standard","hentry","category-noticias","entry"],"_links":{"self":[{"href":"https:\/\/sincomercioata.com.br\/index.php\/wp-json\/wp\/v2\/posts\/1670","targetHints":{"allow":["GET"]}}],"collection":[{"href":"https:\/\/sincomercioata.com.br\/index.php\/wp-json\/wp\/v2\/posts"}],"about":[{"href":"https:\/\/sincomercioata.com.br\/index.php\/wp-json\/wp\/v2\/types\/post"}],"author":[{"embeddable":true,"href":"https:\/\/sincomercioata.com.br\/index.php\/wp-json\/wp\/v2\/users\/2"}],"replies":[{"embeddable":true,"href":"https:\/\/sincomercioata.com.br\/index.php\/wp-json\/wp\/v2\/comments?post=1670"}],"version-history":[{"count":1,"href":"https:\/\/sincomercioata.com.br\/index.php\/wp-json\/wp\/v2\/posts\/1670\/revisions"}],"predecessor-version":[{"id":1671,"href":"https:\/\/sincomercioata.com.br\/index.php\/wp-json\/wp\/v2\/posts\/1670\/revisions\/1671"}],"wp:attachment":[{"href":"https:\/\/sincomercioata.com.br\/index.php\/wp-json\/wp\/v2\/media?parent=1670"}],"wp:term":[{"taxonomy":"category","embeddable":true,"href":"https:\/\/sincomercioata.com.br\/index.php\/wp-json\/wp\/v2\/categories?post=1670"},{"taxonomy":"post_tag","embeddable":true,"href":"https:\/\/sincomercioata.com.br\/index.php\/wp-json\/wp\/v2\/tags?post=1670"}],"curies":[{"name":"wp","href":"https:\/\/api.w.org\/{rel}","templated":true}]}}