{"id":1609,"date":"2021-05-03T15:21:17","date_gmt":"2021-05-03T18:21:17","guid":{"rendered":"https:\/\/sincomercioata.com.br\/?p=1609"},"modified":"2021-05-03T15:29:56","modified_gmt":"2021-05-03T18:29:56","slug":"novo-decreto-prorroga-restricoes-mas-amplia-horarios-para-todos","status":"publish","type":"post","link":"https:\/\/sincomercioata.com.br\/index.php\/2021\/05\/03\/novo-decreto-prorroga-restricoes-mas-amplia-horarios-para-todos\/","title":{"rendered":"Novo decreto prorroga restri\u00e7\u00f5es, mas amplia hor\u00e1rios para todos"},"content":{"rendered":"\t\t<div data-elementor-type=\"wp-post\" data-elementor-id=\"1609\" class=\"elementor elementor-1609\" data-elementor-settings=\"[]\">\n\t\t\t\t\t\t<div class=\"elementor-inner\">\n\t\t\t\t\t\t\t<div class=\"elementor-section-wrap\">\n\t\t\t\t\t\t\t<section class=\"elementor-section elementor-top-section elementor-element elementor-element-e7a94ec elementor-section-boxed elementor-section-height-default elementor-section-height-default\" data-id=\"e7a94ec\" data-element_type=\"section\">\n\t\t\t\t\t\t<div class=\"elementor-container elementor-column-gap-default\">\n\t\t\t\t\t\t\t<div class=\"elementor-row\">\n\t\t\t\t\t<div class=\"elementor-column elementor-col-100 elementor-top-column elementor-element elementor-element-4b30d49\" data-id=\"4b30d49\" data-element_type=\"column\">\n\t\t\t<div class=\"elementor-column-wrap elementor-element-populated\">\n\t\t\t\t\t\t\t<div class=\"elementor-widget-wrap\">\n\t\t\t\t\t\t<div class=\"elementor-element elementor-element-b814073 elementor-widget elementor-widget-text-editor\" data-id=\"b814073\" data-element_type=\"widget\" data-widget_type=\"text-editor.default\">\n\t\t\t\t<div class=\"elementor-widget-container\">\n\t\t\t\t\t<div class=\"elementor-text-editor elementor-clearfix\"><p style=\"margin-bottom:18.0pt;line-height:normal\"><span style=\"font-size:11.5pt;font-family:&quot;Helvetica&quot;,&quot;sans-serif&quot;;mso-fareast-font-family: &quot;Times New Roman&quot;;color:black;mso-fareast-language:PT-BR\">O novo decreto da Prefeitura de Ara\u00e7atuba, n\u00ba 21.766, de 29 de abril de 2021, segue a diretrizes&nbsp;do Governo Estadual e amplia de forma geral o hor\u00e1rio de funcionamento e&nbsp;atendimento presencial no com\u00e9rcio em geral e servi\u00e7os, por\u00e9m mantendo as&nbsp;restri\u00e7\u00f5es de acesso e circula\u00e7\u00e3o e exig\u00eancias sanit\u00e1rias caracter\u00edsticas da&nbsp;Fase de Transi\u00e7\u00e3o do Plano S\u00e3o Paulo.<o:p><\/o:p><\/span><\/p>\n<p style=\"margin-bottom:18.0pt;line-height:normal\"><a href=\"https:\/\/aracatuba.sp.gov.br\/novo-decreto-prorroga-restricoes-mas-amplia-horarios-para-todos\/\" target=\"_blank\">Clique aqui para informa\u00e7\u00f5es oficiais completa da Prefeitura Municipal de Ara\u00e7atuba<\/a><br><\/p>\n<p><\/p>\n<p style=\"margin-bottom:18.0pt;line-height:normal\"><span style=\"font-size:11.5pt;font-family:&quot;Helvetica&quot;,&quot;sans-serif&quot;;mso-fareast-font-family: &quot;Times New Roman&quot;;color:black;mso-fareast-language:PT-BR\">Fonte: https:\/\/aracatuba.sp.gov.br<o:p><\/o:p><\/span><\/p><\/div>\n\t\t\t\t<\/div>\n\t\t\t\t<\/div>\n\t\t\t\t\t\t<\/div>\n\t\t\t\t\t<\/div>\n\t\t<\/div>\n\t\t\t\t\t\t\t\t<\/div>\n\t\t\t\t\t<\/div>\n\t\t<\/section>\n\t\t\t\t\t\t<\/div>\n\t\t\t\t\t\t<\/div>\n\t\t\t\t\t<\/div>\n\t\t","protected":false},"excerpt":{"rendered":"<p>O novo decreto da Prefeitura de Ara\u00e7atuba, n\u00ba 21.766, de 29 de abril de 2021, segue a diretrizes&nbsp;do Governo Estadual e amplia de forma geral o hor\u00e1rio de funcionamento e&nbsp;atendimento presencial no com\u00e9rcio em geral e servi\u00e7os, por\u00e9m mantendo as&nbsp;restri\u00e7\u00f5es de acesso e circula\u00e7\u00e3o e exig\u00eancias sanit\u00e1rias caracter\u00edsticas da&nbsp;Fase de Transi\u00e7\u00e3o do Plano S\u00e3o Paulo. [&hellip;]<\/p>\n","protected":false},"author":3,"featured_media":0,"comment_status":"closed","ping_status":"open","sticky":false,"template":"","format":"standard","meta":{"footnotes":""},"categories":[38,1],"tags":[],"class_list":["post-1609","post","type-post","status-publish","format-standard","hentry","category-noticias","category-sem-categoria","entry"],"_links":{"self":[{"href":"https:\/\/sincomercioata.com.br\/index.php\/wp-json\/wp\/v2\/posts\/1609","targetHints":{"allow":["GET"]}}],"collection":[{"href":"https:\/\/sincomercioata.com.br\/index.php\/wp-json\/wp\/v2\/posts"}],"about":[{"href":"https:\/\/sincomercioata.com.br\/index.php\/wp-json\/wp\/v2\/types\/post"}],"author":[{"embeddable":true,"href":"https:\/\/sincomercioata.com.br\/index.php\/wp-json\/wp\/v2\/users\/3"}],"replies":[{"embeddable":true,"href":"https:\/\/sincomercioata.com.br\/index.php\/wp-json\/wp\/v2\/comments?post=1609"}],"version-history":[{"count":5,"href":"https:\/\/sincomercioata.com.br\/index.php\/wp-json\/wp\/v2\/posts\/1609\/revisions"}],"predecessor-version":[{"id":1622,"href":"https:\/\/sincomercioata.com.br\/index.php\/wp-json\/wp\/v2\/posts\/1609\/revisions\/1622"}],"wp:attachment":[{"href":"https:\/\/sincomercioata.com.br\/index.php\/wp-json\/wp\/v2\/media?parent=1609"}],"wp:term":[{"taxonomy":"category","embeddable":true,"href":"https:\/\/sincomercioata.com.br\/index.php\/wp-json\/wp\/v2\/categories?post=1609"},{"taxonomy":"post_tag","embeddable":true,"href":"https:\/\/sincomercioata.com.br\/index.php\/wp-json\/wp\/v2\/tags?post=1609"}],"curies":[{"name":"wp","href":"https:\/\/api.w.org\/{rel}","templated":true}]}}