{"id":1487,"date":"2021-04-05T10:37:01","date_gmt":"2021-04-05T13:37:01","guid":{"rendered":"https:\/\/sincomercioata.com.br\/?p=1487"},"modified":"2021-04-05T10:37:03","modified_gmt":"2021-04-05T13:37:03","slug":"fecomerciosp-consegue-liberacao-do-sistema-take-away-na-fase-emergencial-para-todo-o-estado-de-sao-paulo","status":"publish","type":"post","link":"https:\/\/sincomercioata.com.br\/index.php\/2021\/04\/05\/fecomerciosp-consegue-liberacao-do-sistema-take-away-na-fase-emergencial-para-todo-o-estado-de-sao-paulo\/","title":{"rendered":"FecomercioSP consegue libera\u00e7\u00e3o do sistema take away na Fase Emergencial para todo o Estado de S\u00e3o Paulo"},"content":{"rendered":"\n<p><strong>Governo estadual atende pedido da Entidade e, com isso, o empres\u00e1rio pode adotar essa modalidade no mesmo hor\u00e1rio estipulado para o drive-thru, entre 5h e 20h<\/strong><\/p>\n\n\n\n<p>Estabelecimentos e clientes ganharam o direito de praticar o&nbsp;<a href=\"https:\/\/www.fecomercio.com.br\/noticia\/fecomerciosp-defende-modalidade-take-away-para-reduzir-perdas-do-varejo-em-prorrogacao-de-fase-emergencial\"><em>take away<\/em><\/a>&nbsp;durante a Fase Emergencial do Plano S\u00e3o Paulo, em vigor at\u00e9 pelo menos dia&nbsp;<a href=\"https:\/\/www.fecomercio.com.br\/noticia\/articulacao-nacional-e-imprescindivel-para-manter-a-estrutura-economica-do-pais-e-a-sobrevivencia-das-empresas\">11 de abril<\/a>&nbsp;no Estado, gra\u00e7as \u00e0 articula\u00e7\u00e3o feita pela Federa\u00e7\u00e3o do Com\u00e9rcio de Bens, Servi\u00e7os e Turismo do Estado de S\u00e3o Paulo (FecomercioSP) junto ao governo estadual. Assim, o empres\u00e1rio fica livre de eventuais penalidades, pois essa permiss\u00e3o vale para todo Estado, no mesmo hor\u00e1rio estipulado para o&nbsp;<em>drive-thru<\/em>, entre&nbsp;5h e 20h.<\/p>\n\n\n\n<p>Com a nova interpreta\u00e7\u00e3o, o pr\u00f3prio&nbsp;consumidor pode retirar a mercadoria ou o alimento, desde que permane\u00e7a na parte externa&nbsp;do estabelecimento, ao ar livre. Por\u00e9m, continua proibida a concentra\u00e7\u00e3o ou perman\u00eancia de pessoas na porta dos estabelecimentos<em>.&nbsp;Confira:<\/em><a href=\"https:\/\/www.fecomercio.com.br\/noticia\/fecomerciosp-consegue-liberacao-do-sistema-take-away-na-fase-emergencial-para-todo-o-estado-de-sao-paulo\">https:\/\/www.fecomercio.com.br\/noticia\/fecomerciosp-consegue-liberacao-do-sistema-take-away-na-fase-emergencial-para-todo-o-estado-de-sao-paulo<\/a><\/p>\n","protected":false},"excerpt":{"rendered":"<p>Governo estadual atende pedido da Entidade e, com isso, o empres\u00e1rio pode adotar essa modalidade no mesmo hor\u00e1rio estipulado para o drive-thru, entre 5h e 20h Estabelecimentos e clientes ganharam o direito de praticar o&nbsp;take away&nbsp;durante a Fase Emergencial do Plano S\u00e3o Paulo, em vigor at\u00e9 pelo menos dia&nbsp;11 de abril&nbsp;no Estado, gra\u00e7as \u00e0 articula\u00e7\u00e3o [&hellip;]<\/p>\n","protected":false},"author":2,"featured_media":0,"comment_status":"closed","ping_status":"open","sticky":false,"template":"","format":"standard","meta":{"footnotes":""},"categories":[38],"tags":[],"class_list":["post-1487","post","type-post","status-publish","format-standard","hentry","category-noticias","entry"],"_links":{"self":[{"href":"https:\/\/sincomercioata.com.br\/index.php\/wp-json\/wp\/v2\/posts\/1487","targetHints":{"allow":["GET"]}}],"collection":[{"href":"https:\/\/sincomercioata.com.br\/index.php\/wp-json\/wp\/v2\/posts"}],"about":[{"href":"https:\/\/sincomercioata.com.br\/index.php\/wp-json\/wp\/v2\/types\/post"}],"author":[{"embeddable":true,"href":"https:\/\/sincomercioata.com.br\/index.php\/wp-json\/wp\/v2\/users\/2"}],"replies":[{"embeddable":true,"href":"https:\/\/sincomercioata.com.br\/index.php\/wp-json\/wp\/v2\/comments?post=1487"}],"version-history":[{"count":1,"href":"https:\/\/sincomercioata.com.br\/index.php\/wp-json\/wp\/v2\/posts\/1487\/revisions"}],"predecessor-version":[{"id":1488,"href":"https:\/\/sincomercioata.com.br\/index.php\/wp-json\/wp\/v2\/posts\/1487\/revisions\/1488"}],"wp:attachment":[{"href":"https:\/\/sincomercioata.com.br\/index.php\/wp-json\/wp\/v2\/media?parent=1487"}],"wp:term":[{"taxonomy":"category","embeddable":true,"href":"https:\/\/sincomercioata.com.br\/index.php\/wp-json\/wp\/v2\/categories?post=1487"},{"taxonomy":"post_tag","embeddable":true,"href":"https:\/\/sincomercioata.com.br\/index.php\/wp-json\/wp\/v2\/tags?post=1487"}],"curies":[{"name":"wp","href":"https:\/\/api.w.org\/{rel}","templated":true}]}}